{"id":26730,"date":"2021-09-16T18:26:27","date_gmt":"2021-09-16T16:26:27","guid":{"rendered":"https:\/\/www.champmarket.com\/magazine-champagne\/non-classifiee-en\/taste-of-paris-the-chefs-festival-opens-its-doors\/"},"modified":"2022-01-31T11:07:05","modified_gmt":"2022-01-31T10:07:05","slug":"taste-of-paris-the-chefs-festival-opens-its-doors","status":"publish","type":"post","link":"https:\/\/www.champmarket.com\/en\/actualites-et-nouveautes-en\/taste-of-paris-the-chefs-festival-opens-its-doors\/","title":{"rendered":"Taste of Paris, the Chefs&#8217; Festival, opens its doors"},"content":{"rendered":"\t\t<div data-elementor-type=\"wp-post\" data-elementor-id=\"26730\" class=\"elementor elementor-26730 elementor-26207\" data-elementor-post-type=\"post\">\n\t\t\t\t\t\t<section class=\"elementor-section elementor-top-section elementor-element elementor-element-c616210 elementor-section-boxed elementor-section-height-default elementor-section-height-default\" data-id=\"c616210\" data-element_type=\"section\">\n\t\t\t\t\t\t<div class=\"elementor-container elementor-column-gap-default\">\n\t\t\t\t\t<div class=\"elementor-column elementor-col-100 elementor-top-column elementor-element elementor-element-3bc0a810\" data-id=\"3bc0a810\" data-element_type=\"column\">\n\t\t\t<div class=\"elementor-widget-wrap elementor-element-populated\">\n\t\t\t\t\t\t<div class=\"elementor-element elementor-element-4c252684 elementor-widget elementor-widget-text-editor\" data-id=\"4c252684\" data-element_type=\"widget\" data-widget_type=\"text-editor.default\">\n\t\t\t\t<div class=\"elementor-widget-container\">\n\t\t\t\t\t\t\t\t\t<p>Taste of Paris est l&#8217;\u00e9v\u00e9nement de la rentr\u00e9e \u00e0 ne pas manquer ! Pendant 4 jours, du 16 au 19 septembre, le meilleur de la sc\u00e8ne gastronomique\u00a0fran\u00e7aise actuelle est rassembl\u00e9 au sein du tout nouveau Grand Palais Eph\u00e9m\u00e8re, l\u2019occasion de vous r\u00e9galer de plats incontournables des restaurants parmi les plus iconiques, d\u00e9sirables et excitants du moment, pr\u00e9sent\u00e9s en portions. Chefs trois \u00e9toiles ou p\u00e9pites \u00e0 d\u00e9couvrir, ils ne sont choisis que sur un seul crit\u00e8re, leur talent fou pour la cuisine d\u2019exception.<\/p>\n\t\t\t\t\t\t\t\t<\/div>\n\t\t\t\t<\/div>\n\t\t\t\t\t<\/div>\n\t\t<\/div>\n\t\t\t\t\t<\/div>\n\t\t<\/section>\n\t\t\t\t<section class=\"elementor-section elementor-top-section elementor-element elementor-element-4d552426 elementor-section-boxed elementor-section-height-default elementor-section-height-default\" data-id=\"4d552426\" data-element_type=\"section\">\n\t\t\t\t\t\t<div class=\"elementor-container elementor-column-gap-default\">\n\t\t\t\t\t<div class=\"elementor-column elementor-col-100 elementor-top-column elementor-element elementor-element-4953cb65\" data-id=\"4953cb65\" data-element_type=\"column\">\n\t\t\t<div class=\"elementor-widget-wrap elementor-element-populated\">\n\t\t\t\t\t\t<div class=\"elementor-element elementor-element-21618fe6 elementor-widget elementor-widget-text-editor\" data-id=\"21618fe6\" data-element_type=\"widget\" data-widget_type=\"text-editor.default\">\n\t\t\t\t<div class=\"elementor-widget-container\">\n\t\t\t\t\t\t\t\t\t<p><strong>Pendant 4 jours, 50 chefs, 14 restaurants, 2 p\u00e2tisseries, 50 exposants, 30 masterclasses, 20 cours de cuisine<\/strong>\u00a0et un groupe de musique <em>live<\/em> seront fin pr\u00eats pour faire de\u00a0<strong><span class=\"il\">Taste<\/span>\u00a0of Paris la grande f\u00eate de la gastronomie<\/strong>.<\/p>\n<p><strong>Le Casting des Chefs :<\/strong><\/p>\n<p>FR\u00c9D\u00c9RIC ANTON \u25c6 KEI KOBAYASHI \u25c6CHRISTOPHE MORET \u25c6 ANDR\u00c9AS MAVROMMATIS \u25c6 SAMUEL LEE \u25c6PIERRE SANG BOYER \u25c6 S\u00c9BASTIEN MONCEAUX \u25c6 FRAN\u00c7OIS DAUBINET \u25c6 MAXENCE BARBOT<\/p>\n<p>FERRANDI PARIS : ADELINE GRATTARD \u25c6 MANON FLEURY \u25c6 NINA METAYER \u25c6 OPH\u00c9LIE BAR\u00c8S<\/p>\n<p>METRO x TOUT LE MONDE CONTRE LE CANCER : SIMONE ZANONI \u25c6 YONI SAADA \u25c6 RYUJI TESHIMA<\/p>\n<p>Et bien d&#8217;autres&#8230;<\/p>\n<p>En plus des restaurants, les meilleurs artisans et producteurs sont \u00e9galement au rendez-vous. S\u00e9lectionn\u00e9s pour leur excellence et leur engagement, ils vous feront d\u00e9couvrir les ingr\u00e9dients que les chefs pl\u00e9biscitent pour leur qualit\u00e9, leur singularit\u00e9, leur go\u00fbt.<\/p>\n<p>Taste of Paris promet de beaux moments culinaires avec des d\u00e9monstrations en live. C&#8217;est une occasion unique de d\u00e9couvrir les Chefs, leur univers et d\u2019\u00e9changer avec eux. Et pour ceux qui souhaitent mettre la main \u00e0 la p\u00e2te, l\u2019atelier Electrolux offre la possibilit\u00e9 de suivre les cours de cuisiniers professionnels accomplis, \u00e0 vos tabliers !<\/p>\n<p><strong>Et c\u00f4t\u00e9 champagne ? <a href=\"\/maisons\/selection-champagne-laurent-perrier\/\">La Maison Laurent-Perrier<\/a>, partenaire des chefs et de la gastronomie fran\u00e7aise et internationale,\u00a0 est de nouveau pr\u00e9sente avec ses cuv\u00e9es iconiques et vous accompagne \u00e0 chaque moment<\/strong> : prenez l\u2019ap\u00e9ritif au bar majestueux, d\u00e9couvrez l\u2019esprit novateur de la Maison, initiez-vous \u00e0 l\u2019art de la d\u00e9gustation au th\u00e9\u00e2tre Laurent-Perrier, appr\u00e9ciez les accords r\u00e9alis\u00e9s avec les plats des Chefs et enfin immortalisez votre exp\u00e9rience au photocall Laurent-Perrier !<\/p>\n<p>Bars \u00e0 cocktails, bars \u00e0 bi\u00e8re, \u00e0 vins, \u00e0 caf\u00e9 ou \u00e0 eau, le meilleur de la sc\u00e8ne \u00ab liquide \u00bb sera \u00e9galement pr\u00e9sent. Une affiche qui promet de passionnantes d\u00e9couvertes : accords audacieux, d\u00e9gustations surprenantes, et conseils avis\u00e9s des experts vous attendent au d\u00e9tour des all\u00e9es.<\/p>\n\t\t\t\t\t\t\t\t<\/div>\n\t\t\t\t<\/div>\n\t\t\t\t\t<\/div>\n\t\t<\/div>\n\t\t\t\t\t<\/div>\n\t\t<\/section>\n\t\t\t\t<section class=\"elementor-section elementor-top-section elementor-element elementor-element-7fd1eeb4 elementor-section-boxed elementor-section-height-default elementor-section-height-default\" data-id=\"7fd1eeb4\" data-element_type=\"section\">\n\t\t\t\t\t\t<div class=\"elementor-container elementor-column-gap-default\">\n\t\t\t\t\t<div class=\"elementor-column elementor-col-50 elementor-top-column elementor-element elementor-element-6824daea\" data-id=\"6824daea\" data-element_type=\"column\">\n\t\t\t<div class=\"elementor-widget-wrap elementor-element-populated\">\n\t\t\t\t\t\t<div class=\"elementor-element elementor-element-2d5aa6ca elementor-widget elementor-widget-image\" data-id=\"2d5aa6ca\" data-element_type=\"widget\" data-widget_type=\"image.default\">\n\t\t\t\t<div class=\"elementor-widget-container\">\n\t\t\t\t\t\t\t\t\t\t\t\t<figure class=\"wp-caption\">\n\t\t\t\t\t\t\t\t\t\t\t<a href=\"\/champagne\/laurent-perrier-cuvee-rose-bouteille\/\">\n\t\t\t\t\t\t\t<img fetchpriority=\"high\" decoding=\"async\" width=\"1920\" height=\"1280\" src=\"https:\/\/www.champmarket.com\/wp-content\/uploads\/2021\/09\/20545620_835250083315014_6490447067127378444_o.webp\" class=\"attachment-full size-full wp-image-26222\" alt=\"Taste of Paris, the Chefs&#039; Festival, opens its doors - Champmarket\" srcset=\"https:\/\/www.champmarket.com\/wp-content\/uploads\/2021\/09\/20545620_835250083315014_6490447067127378444_o.webp 1920w, https:\/\/www.champmarket.com\/wp-content\/uploads\/2021\/09\/20545620_835250083315014_6490447067127378444_o-600x400.webp 600w, https:\/\/www.champmarket.com\/wp-content\/uploads\/2021\/09\/20545620_835250083315014_6490447067127378444_o-700x467.jpg 700w, https:\/\/www.champmarket.com\/wp-content\/uploads\/2021\/09\/20545620_835250083315014_6490447067127378444_o-64x43.webp 64w, https:\/\/www.champmarket.com\/wp-content\/uploads\/2021\/09\/20545620_835250083315014_6490447067127378444_o-300x200.jpg 300w, https:\/\/www.champmarket.com\/wp-content\/uploads\/2021\/09\/20545620_835250083315014_6490447067127378444_o-1024x683.jpg 1024w, https:\/\/www.champmarket.com\/wp-content\/uploads\/2021\/09\/20545620_835250083315014_6490447067127378444_o-768x512.jpg 768w, https:\/\/www.champmarket.com\/wp-content\/uploads\/2021\/09\/20545620_835250083315014_6490447067127378444_o-1536x1024.jpg 1536w\" sizes=\"(max-width: 1920px) 100vw, 1920px\" \/>\t\t\t\t\t\t\t\t<\/a>\n\t\t\t\t\t\t\t\t\t\t\t<figcaption class=\"widget-image-caption wp-caption-text\">Cr\u00e9dit Weston Mills Laurent-Perrier<\/figcaption>\n\t\t\t\t\t\t\t\t\t\t<\/figure>\n\t\t\t\t\t\t\t\t\t<\/div>\n\t\t\t\t<\/div>\n\t\t\t\t\t<\/div>\n\t\t<\/div>\n\t\t\t\t<div class=\"elementor-column elementor-col-50 elementor-top-column elementor-element elementor-element-6bfe2482\" data-id=\"6bfe2482\" data-element_type=\"column\">\n\t\t\t<div class=\"elementor-widget-wrap elementor-element-populated\">\n\t\t\t\t\t\t<div class=\"elementor-element elementor-element-2797a61d elementor-widget elementor-widget-image\" data-id=\"2797a61d\" data-element_type=\"widget\" data-widget_type=\"image.default\">\n\t\t\t\t<div class=\"elementor-widget-container\">\n\t\t\t\t\t\t\t\t\t\t\t\t<figure class=\"wp-caption\">\n\t\t\t\t\t\t\t\t\t\t\t<a href=\"\/champagne\/laurent-perrier-brut-millesime-2008-bouteille-etui\/\">\n\t\t\t\t\t\t\t<img decoding=\"async\" width=\"1920\" height=\"1280\" src=\"https:\/\/www.champmarket.com\/wp-content\/uploads\/2021\/09\/WestonMillsLaurentPerrierTaste-077-scaled.webp\" class=\"attachment-full size-full wp-image-26224\" alt=\"Taste of Paris, the Chefs&#039; Festival, opens its doors - Champmarket\" srcset=\"https:\/\/www.champmarket.com\/wp-content\/uploads\/2021\/09\/WestonMillsLaurentPerrierTaste-077-scaled.webp 1920w, https:\/\/www.champmarket.com\/wp-content\/uploads\/2021\/09\/WestonMillsLaurentPerrierTaste-077-scaled-600x400.webp 600w, https:\/\/www.champmarket.com\/wp-content\/uploads\/2021\/09\/WestonMillsLaurentPerrierTaste-077-scaled-700x467.jpg 700w, https:\/\/www.champmarket.com\/wp-content\/uploads\/2021\/09\/WestonMillsLaurentPerrierTaste-077-scaled-64x43.webp 64w, https:\/\/www.champmarket.com\/wp-content\/uploads\/2021\/09\/WestonMillsLaurentPerrierTaste-077-300x200.jpg 300w, https:\/\/www.champmarket.com\/wp-content\/uploads\/2021\/09\/WestonMillsLaurentPerrierTaste-077-1024x683.jpg 1024w, https:\/\/www.champmarket.com\/wp-content\/uploads\/2021\/09\/WestonMillsLaurentPerrierTaste-077-768x512.jpg 768w, https:\/\/www.champmarket.com\/wp-content\/uploads\/2021\/09\/WestonMillsLaurentPerrierTaste-077-1536x1024.jpg 1536w, https:\/\/www.champmarket.com\/wp-content\/uploads\/2021\/09\/WestonMillsLaurentPerrierTaste-077-2048x1365.jpg 2048w\" sizes=\"(max-width: 1920px) 100vw, 1920px\" \/>\t\t\t\t\t\t\t\t<\/a>\n\t\t\t\t\t\t\t\t\t\t\t<figcaption class=\"widget-image-caption wp-caption-text\">Cr\u00e9dit Weston Mills Laurent-Perrier<\/figcaption>\n\t\t\t\t\t\t\t\t\t\t<\/figure>\n\t\t\t\t\t\t\t\t\t<\/div>\n\t\t\t\t<\/div>\n\t\t\t\t\t<\/div>\n\t\t<\/div>\n\t\t\t\t\t<\/div>\n\t\t<\/section>\n\t\t\t\t<section class=\"elementor-section elementor-top-section elementor-element elementor-element-3ede4d1e elementor-section-boxed elementor-section-height-default elementor-section-height-default\" data-id=\"3ede4d1e\" data-element_type=\"section\">\n\t\t\t\t\t\t<div class=\"elementor-container elementor-column-gap-default\">\n\t\t\t\t\t<div class=\"elementor-column elementor-col-100 elementor-top-column elementor-element elementor-element-24f41fb7\" data-id=\"24f41fb7\" data-element_type=\"column\">\n\t\t\t<div class=\"elementor-widget-wrap elementor-element-populated\">\n\t\t\t\t\t\t<div class=\"elementor-element elementor-element-2ddecc75 elementor-widget elementor-widget-text-editor\" data-id=\"2ddecc75\" data-element_type=\"widget\" data-widget_type=\"text-editor.default\">\n\t\t\t\t<div class=\"elementor-widget-container\">\n\t\t\t\t\t\t\t\t\t<p><strong>&gt;\u00a0<span style=\"text-decoration: underline;\"><a href=\"\/maisons\/selection-champagne-laurent-perrier\/\">Retrouvez les champagnes Laurent-perrier sur Champmarket<\/a><\/span><\/strong><\/p>\n\t\t\t\t\t\t\t\t<\/div>\n\t\t\t\t<\/div>\n\t\t\t\t\t<\/div>\n\t\t<\/div>\n\t\t\t\t\t<\/div>\n\t\t<\/section>\n\t\t\t\t<section class=\"elementor-section elementor-top-section elementor-element elementor-element-71d53628 elementor-section-boxed elementor-section-height-default elementor-section-height-default\" data-id=\"71d53628\" data-element_type=\"section\">\n\t\t\t\t\t\t<div class=\"elementor-container elementor-column-gap-default\">\n\t\t\t\t\t<div class=\"elementor-column elementor-col-100 elementor-top-column elementor-element elementor-element-67ebce10\" data-id=\"67ebce10\" data-element_type=\"column\">\n\t\t\t<div class=\"elementor-widget-wrap elementor-element-populated\">\n\t\t\t\t\t\t<div class=\"elementor-element elementor-element-2fabc78d elementor-widget elementor-widget-text-editor\" data-id=\"2fabc78d\" data-element_type=\"widget\" data-widget_type=\"text-editor.default\">\n\t\t\t\t<div class=\"elementor-widget-container\">\n\t\t\t\t\t\t\t\t\t<p><em>Source Taste of Paris<\/em><\/p>\n\t\t\t\t\t\t\t\t<\/div>\n\t\t\t\t<\/div>\n\t\t\t\t\t<\/div>\n\t\t<\/div>\n\t\t\t\t\t<\/div>\n\t\t<\/section>\n\t\t\t\t<\/div>\n\t\t","protected":false},"excerpt":{"rendered":"<p>Taste of Paris est l&#8217;\u00e9v\u00e9nement de la rentr\u00e9e \u00e0 ne pas manquer ! Pendant 4 jours, du 16 au 19 septembre, le meilleur de la sc\u00e8ne gastronomique\u00a0fran\u00e7aise actuelle est rassembl\u00e9 au sein du tout nouveau Grand Palais Eph\u00e9m\u00e8re, l\u2019occasion de vous r\u00e9galer de plats incontournables des restaurants parmi les plus iconiques, d\u00e9sirables et excitants du [&hellip;]<\/p>\n","protected":false},"author":2,"featured_media":26238,"comment_status":"closed","ping_status":"closed","sticky":false,"template":"","format":"standard","meta":{"_acf_changed":false,"footnotes":""},"categories":[1836],"tags":[1903,1953],"class_list":["post-26730","post","type-post","status-publish","format-standard","has-post-thumbnail","hentry","category-actualites-et-nouveautes-en","tag-cooking-chef","tag-gastronomie-en"],"acf":[],"yoast_head":"<!-- This site is optimized with the Yoast SEO plugin v26.4 - https:\/\/yoast.com\/wordpress\/plugins\/seo\/ -->\n<title>Taste of Paris, the Chefs&#039; Festival, opens its doors - Champagne and Lifestyle - Champmarket<\/title>\n<meta name=\"description\" content=\"Taste of Paris est l&#039;\u00e9v\u00e9nement de la rentr\u00e9e \u00e0 ne pas manquer ! Pendant 4 jours, du 16 au 19 septembre, le meilleur de la sc\u00e8ne gastronomique\u00a0fran\u00e7aise\" \/>\n<meta name=\"robots\" content=\"index, follow, max-snippet:-1, max-image-preview:large, max-video-preview:-1\" \/>\n<link rel=\"canonical\" href=\"https:\/\/www.champmarket.com\/en\/actualites-et-nouveautes-en\/taste-of-paris-the-chefs-festival-opens-its-doors\/\" \/>\n<meta property=\"og:locale\" content=\"en_US\" \/>\n<meta property=\"og:type\" content=\"article\" \/>\n<meta property=\"og:title\" content=\"Taste of Paris, the Chefs&#039; Festival, opens its doors - Champagne and Lifestyle - Champmarket\" \/>\n<meta property=\"og:description\" content=\"Taste of Paris est l&#039;\u00e9v\u00e9nement de la rentr\u00e9e \u00e0 ne pas manquer ! Pendant 4 jours, du 16 au 19 septembre, le meilleur de la sc\u00e8ne gastronomique\u00a0fran\u00e7aise\" \/>\n<meta property=\"og:url\" content=\"https:\/\/www.champmarket.com\/en\/actualites-et-nouveautes-en\/taste-of-paris-the-chefs-festival-opens-its-doors\/\" \/>\n<meta property=\"og:site_name\" content=\"Champmarket\" \/>\n<meta property=\"article:publisher\" content=\"https:\/\/www.facebook.com\/ChampMarket\/\" \/>\n<meta property=\"article:published_time\" content=\"2021-09-16T16:26:27+00:00\" \/>\n<meta property=\"article:modified_time\" content=\"2022-01-31T10:07:05+00:00\" \/>\n<meta property=\"og:image\" content=\"https:\/\/www.champmarket.com\/wp-content\/uploads\/2021\/09\/visuel-article-magazine-laurent-perrier-taste-of-paris-2021.jpg\" \/>\n\t<meta property=\"og:image:width\" content=\"888\" \/>\n\t<meta property=\"og:image:height\" content=\"492\" \/>\n\t<meta property=\"og:image:type\" content=\"image\/jpeg\" \/>\n<meta name=\"author\" content=\"Marine Molin\" \/>\n<meta name=\"twitter:card\" content=\"summary_large_image\" \/>\n<meta name=\"twitter:creator\" content=\"@champmarket\" \/>\n<meta name=\"twitter:site\" content=\"@champmarket\" \/>\n<meta name=\"twitter:label1\" content=\"Written by\" \/>\n\t<meta name=\"twitter:data1\" content=\"Marine Molin\" \/>\n\t<meta name=\"twitter:label2\" content=\"Est. reading time\" \/>\n\t<meta name=\"twitter:data2\" content=\"2 minutes\" \/>\n<script type=\"application\/ld+json\" class=\"yoast-schema-graph\">{\"@context\":\"https:\/\/schema.org\",\"@graph\":[{\"@type\":\"Article\",\"@id\":\"https:\/\/www.champmarket.com\/en\/actualites-et-nouveautes-en\/taste-of-paris-the-chefs-festival-opens-its-doors\/#article\",\"isPartOf\":{\"@id\":\"https:\/\/www.champmarket.com\/en\/actualites-et-nouveautes-en\/taste-of-paris-the-chefs-festival-opens-its-doors\/\"},\"author\":{\"name\":\"Marine Molin\",\"@id\":\"https:\/\/www.champmarket.com\/#\/schema\/person\/978de2fc1d304836a9b224d70e03b974\"},\"headline\":\"Taste of Paris, the Chefs&#8217; Festival, opens its doors\",\"datePublished\":\"2021-09-16T16:26:27+00:00\",\"dateModified\":\"2022-01-31T10:07:05+00:00\",\"mainEntityOfPage\":{\"@id\":\"https:\/\/www.champmarket.com\/en\/actualites-et-nouveautes-en\/taste-of-paris-the-chefs-festival-opens-its-doors\/\"},\"wordCount\":443,\"publisher\":{\"@id\":\"https:\/\/www.champmarket.com\/#organization\"},\"image\":{\"@id\":\"https:\/\/www.champmarket.com\/en\/actualites-et-nouveautes-en\/taste-of-paris-the-chefs-festival-opens-its-doors\/#primaryimage\"},\"thumbnailUrl\":\"https:\/\/www.champmarket.com\/wp-content\/uploads\/2021\/09\/visuel-article-magazine-laurent-perrier-taste-of-paris-2021.webp\",\"keywords\":[\"Cooking Chef\",\"Gastronomy\"],\"articleSection\":[\"News &amp; Novelties\"],\"inLanguage\":\"en-US\"},{\"@type\":\"WebPage\",\"@id\":\"https:\/\/www.champmarket.com\/en\/actualites-et-nouveautes-en\/taste-of-paris-the-chefs-festival-opens-its-doors\/\",\"url\":\"https:\/\/www.champmarket.com\/en\/actualites-et-nouveautes-en\/taste-of-paris-the-chefs-festival-opens-its-doors\/\",\"name\":\"Taste of Paris, the Chefs' Festival, opens its doors - Champagne and Lifestyle - Champmarket\",\"isPartOf\":{\"@id\":\"https:\/\/www.champmarket.com\/#website\"},\"primaryImageOfPage\":{\"@id\":\"https:\/\/www.champmarket.com\/en\/actualites-et-nouveautes-en\/taste-of-paris-the-chefs-festival-opens-its-doors\/#primaryimage\"},\"image\":{\"@id\":\"https:\/\/www.champmarket.com\/en\/actualites-et-nouveautes-en\/taste-of-paris-the-chefs-festival-opens-its-doors\/#primaryimage\"},\"thumbnailUrl\":\"https:\/\/www.champmarket.com\/wp-content\/uploads\/2021\/09\/visuel-article-magazine-laurent-perrier-taste-of-paris-2021.webp\",\"datePublished\":\"2021-09-16T16:26:27+00:00\",\"dateModified\":\"2022-01-31T10:07:05+00:00\",\"description\":\"Taste of Paris est l'\u00e9v\u00e9nement de la rentr\u00e9e \u00e0 ne pas manquer ! Pendant 4 jours, du 16 au 19 septembre, le meilleur de la sc\u00e8ne gastronomique\u00a0fran\u00e7aise\",\"breadcrumb\":{\"@id\":\"https:\/\/www.champmarket.com\/en\/actualites-et-nouveautes-en\/taste-of-paris-the-chefs-festival-opens-its-doors\/#breadcrumb\"},\"inLanguage\":\"en-US\",\"potentialAction\":[{\"@type\":\"ReadAction\",\"target\":[\"https:\/\/www.champmarket.com\/en\/actualites-et-nouveautes-en\/taste-of-paris-the-chefs-festival-opens-its-doors\/\"]}]},{\"@type\":\"ImageObject\",\"inLanguage\":\"en-US\",\"@id\":\"https:\/\/www.champmarket.com\/en\/actualites-et-nouveautes-en\/taste-of-paris-the-chefs-festival-opens-its-doors\/#primaryimage\",\"url\":\"https:\/\/www.champmarket.com\/wp-content\/uploads\/2021\/09\/visuel-article-magazine-laurent-perrier-taste-of-paris-2021.webp\",\"contentUrl\":\"https:\/\/www.champmarket.com\/wp-content\/uploads\/2021\/09\/visuel-article-magazine-laurent-perrier-taste-of-paris-2021.webp\",\"width\":888,\"height\":492,\"caption\":\"Taste of Paris, the Chefs' Festival, opens its doors - Champmarket\"},{\"@type\":\"BreadcrumbList\",\"@id\":\"https:\/\/www.champmarket.com\/en\/actualites-et-nouveautes-en\/taste-of-paris-the-chefs-festival-opens-its-doors\/#breadcrumb\",\"itemListElement\":[{\"@type\":\"ListItem\",\"position\":1,\"name\":\"Home\",\"item\":\"https:\/\/www.champmarket.com\/en\/buy-champagne-online-champmarket\/\"},{\"@type\":\"ListItem\",\"position\":2,\"name\":\"Taste of Paris, the Chefs&#8217; Festival, opens its doors\"}]},{\"@type\":\"WebSite\",\"@id\":\"https:\/\/www.champmarket.com\/#website\",\"url\":\"https:\/\/www.champmarket.com\/\",\"name\":\"Champmarket\",\"description\":\"Champagne Only ! Champmarket offers a very wide range of exceptional champagnes, the greatest brands, rare vintages, limited editions, old vintages and champagne gift ideas for any occasion.\",\"publisher\":{\"@id\":\"https:\/\/www.champmarket.com\/#organization\"},\"potentialAction\":[{\"@type\":\"SearchAction\",\"target\":{\"@type\":\"EntryPoint\",\"urlTemplate\":\"https:\/\/www.champmarket.com\/?s={search_term_string}\"},\"query-input\":{\"@type\":\"PropertyValueSpecification\",\"valueRequired\":true,\"valueName\":\"search_term_string\"}}],\"inLanguage\":\"en-US\"},{\"@type\":\"Organization\",\"@id\":\"https:\/\/www.champmarket.com\/#organization\",\"name\":\"Champmarket\",\"url\":\"https:\/\/www.champmarket.com\/\",\"logo\":{\"@type\":\"ImageObject\",\"inLanguage\":\"en-US\",\"@id\":\"https:\/\/www.champmarket.com\/#\/schema\/logo\/image\/\",\"url\":\"https:\/\/www.champmarket.com\/wp-content\/uploads\/2024\/08\/logo2024-1.svg\",\"contentUrl\":\"https:\/\/www.champmarket.com\/wp-content\/uploads\/2024\/08\/logo2024-1.svg\",\"width\":579.8,\"height\":80,\"caption\":\"Champmarket\"},\"image\":{\"@id\":\"https:\/\/www.champmarket.com\/#\/schema\/logo\/image\/\"},\"sameAs\":[\"https:\/\/www.facebook.com\/ChampMarket\/\",\"https:\/\/x.com\/champmarket\",\"https:\/\/www.instagram.com\/champmarket.paris\/\",\"https:\/\/www.pinterest.fr\/champmarketparis\/\",\"https:\/\/www.linkedin.com\/company\/champmarket\/\"]},{\"@type\":\"Person\",\"@id\":\"https:\/\/www.champmarket.com\/#\/schema\/person\/978de2fc1d304836a9b224d70e03b974\",\"name\":\"Marine Molin\",\"url\":\"https:\/\/www.champmarket.com\/en\/author\/marine\/\"}]}<\/script>\n<!-- \/ Yoast SEO plugin. -->","yoast_head_json":{"title":"Taste of Paris, the Chefs' Festival, opens its doors - Champagne and Lifestyle - Champmarket","description":"Taste of Paris est l'\u00e9v\u00e9nement de la rentr\u00e9e \u00e0 ne pas manquer ! Pendant 4 jours, du 16 au 19 septembre, le meilleur de la sc\u00e8ne gastronomique\u00a0fran\u00e7aise","robots":{"index":"index","follow":"follow","max-snippet":"max-snippet:-1","max-image-preview":"max-image-preview:large","max-video-preview":"max-video-preview:-1"},"canonical":"https:\/\/www.champmarket.com\/en\/actualites-et-nouveautes-en\/taste-of-paris-the-chefs-festival-opens-its-doors\/","og_locale":"en_US","og_type":"article","og_title":"Taste of Paris, the Chefs' Festival, opens its doors - Champagne and Lifestyle - Champmarket","og_description":"Taste of Paris est l'\u00e9v\u00e9nement de la rentr\u00e9e \u00e0 ne pas manquer ! Pendant 4 jours, du 16 au 19 septembre, le meilleur de la sc\u00e8ne gastronomique\u00a0fran\u00e7aise","og_url":"https:\/\/www.champmarket.com\/en\/actualites-et-nouveautes-en\/taste-of-paris-the-chefs-festival-opens-its-doors\/","og_site_name":"Champmarket","article_publisher":"https:\/\/www.facebook.com\/ChampMarket\/","article_published_time":"2021-09-16T16:26:27+00:00","article_modified_time":"2022-01-31T10:07:05+00:00","og_image":[{"width":888,"height":492,"url":"https:\/\/www.champmarket.com\/wp-content\/uploads\/2021\/09\/visuel-article-magazine-laurent-perrier-taste-of-paris-2021.jpg","type":"image\/jpeg"}],"author":"Marine Molin","twitter_card":"summary_large_image","twitter_creator":"@champmarket","twitter_site":"@champmarket","twitter_misc":{"Written by":"Marine Molin","Est. reading time":"2 minutes"},"schema":{"@context":"https:\/\/schema.org","@graph":[{"@type":"Article","@id":"https:\/\/www.champmarket.com\/en\/actualites-et-nouveautes-en\/taste-of-paris-the-chefs-festival-opens-its-doors\/#article","isPartOf":{"@id":"https:\/\/www.champmarket.com\/en\/actualites-et-nouveautes-en\/taste-of-paris-the-chefs-festival-opens-its-doors\/"},"author":{"name":"Marine Molin","@id":"https:\/\/www.champmarket.com\/#\/schema\/person\/978de2fc1d304836a9b224d70e03b974"},"headline":"Taste of Paris, the Chefs&#8217; Festival, opens its doors","datePublished":"2021-09-16T16:26:27+00:00","dateModified":"2022-01-31T10:07:05+00:00","mainEntityOfPage":{"@id":"https:\/\/www.champmarket.com\/en\/actualites-et-nouveautes-en\/taste-of-paris-the-chefs-festival-opens-its-doors\/"},"wordCount":443,"publisher":{"@id":"https:\/\/www.champmarket.com\/#organization"},"image":{"@id":"https:\/\/www.champmarket.com\/en\/actualites-et-nouveautes-en\/taste-of-paris-the-chefs-festival-opens-its-doors\/#primaryimage"},"thumbnailUrl":"https:\/\/www.champmarket.com\/wp-content\/uploads\/2021\/09\/visuel-article-magazine-laurent-perrier-taste-of-paris-2021.webp","keywords":["Cooking Chef","Gastronomy"],"articleSection":["News &amp; Novelties"],"inLanguage":"en-US"},{"@type":"WebPage","@id":"https:\/\/www.champmarket.com\/en\/actualites-et-nouveautes-en\/taste-of-paris-the-chefs-festival-opens-its-doors\/","url":"https:\/\/www.champmarket.com\/en\/actualites-et-nouveautes-en\/taste-of-paris-the-chefs-festival-opens-its-doors\/","name":"Taste of Paris, the Chefs' Festival, opens its doors - Champagne and Lifestyle - Champmarket","isPartOf":{"@id":"https:\/\/www.champmarket.com\/#website"},"primaryImageOfPage":{"@id":"https:\/\/www.champmarket.com\/en\/actualites-et-nouveautes-en\/taste-of-paris-the-chefs-festival-opens-its-doors\/#primaryimage"},"image":{"@id":"https:\/\/www.champmarket.com\/en\/actualites-et-nouveautes-en\/taste-of-paris-the-chefs-festival-opens-its-doors\/#primaryimage"},"thumbnailUrl":"https:\/\/www.champmarket.com\/wp-content\/uploads\/2021\/09\/visuel-article-magazine-laurent-perrier-taste-of-paris-2021.webp","datePublished":"2021-09-16T16:26:27+00:00","dateModified":"2022-01-31T10:07:05+00:00","description":"Taste of Paris est l'\u00e9v\u00e9nement de la rentr\u00e9e \u00e0 ne pas manquer ! Pendant 4 jours, du 16 au 19 septembre, le meilleur de la sc\u00e8ne gastronomique\u00a0fran\u00e7aise","breadcrumb":{"@id":"https:\/\/www.champmarket.com\/en\/actualites-et-nouveautes-en\/taste-of-paris-the-chefs-festival-opens-its-doors\/#breadcrumb"},"inLanguage":"en-US","potentialAction":[{"@type":"ReadAction","target":["https:\/\/www.champmarket.com\/en\/actualites-et-nouveautes-en\/taste-of-paris-the-chefs-festival-opens-its-doors\/"]}]},{"@type":"ImageObject","inLanguage":"en-US","@id":"https:\/\/www.champmarket.com\/en\/actualites-et-nouveautes-en\/taste-of-paris-the-chefs-festival-opens-its-doors\/#primaryimage","url":"https:\/\/www.champmarket.com\/wp-content\/uploads\/2021\/09\/visuel-article-magazine-laurent-perrier-taste-of-paris-2021.webp","contentUrl":"https:\/\/www.champmarket.com\/wp-content\/uploads\/2021\/09\/visuel-article-magazine-laurent-perrier-taste-of-paris-2021.webp","width":888,"height":492,"caption":"Taste of Paris, the Chefs' Festival, opens its doors - Champmarket"},{"@type":"BreadcrumbList","@id":"https:\/\/www.champmarket.com\/en\/actualites-et-nouveautes-en\/taste-of-paris-the-chefs-festival-opens-its-doors\/#breadcrumb","itemListElement":[{"@type":"ListItem","position":1,"name":"Home","item":"https:\/\/www.champmarket.com\/en\/buy-champagne-online-champmarket\/"},{"@type":"ListItem","position":2,"name":"Taste of Paris, the Chefs&#8217; Festival, opens its doors"}]},{"@type":"WebSite","@id":"https:\/\/www.champmarket.com\/#website","url":"https:\/\/www.champmarket.com\/","name":"Champmarket","description":"Champagne Only ! Champmarket offers a very wide range of exceptional champagnes, the greatest brands, rare vintages, limited editions, old vintages and champagne gift ideas for any occasion.","publisher":{"@id":"https:\/\/www.champmarket.com\/#organization"},"potentialAction":[{"@type":"SearchAction","target":{"@type":"EntryPoint","urlTemplate":"https:\/\/www.champmarket.com\/?s={search_term_string}"},"query-input":{"@type":"PropertyValueSpecification","valueRequired":true,"valueName":"search_term_string"}}],"inLanguage":"en-US"},{"@type":"Organization","@id":"https:\/\/www.champmarket.com\/#organization","name":"Champmarket","url":"https:\/\/www.champmarket.com\/","logo":{"@type":"ImageObject","inLanguage":"en-US","@id":"https:\/\/www.champmarket.com\/#\/schema\/logo\/image\/","url":"https:\/\/www.champmarket.com\/wp-content\/uploads\/2024\/08\/logo2024-1.svg","contentUrl":"https:\/\/www.champmarket.com\/wp-content\/uploads\/2024\/08\/logo2024-1.svg","width":579.8,"height":80,"caption":"Champmarket"},"image":{"@id":"https:\/\/www.champmarket.com\/#\/schema\/logo\/image\/"},"sameAs":["https:\/\/www.facebook.com\/ChampMarket\/","https:\/\/x.com\/champmarket","https:\/\/www.instagram.com\/champmarket.paris\/","https:\/\/www.pinterest.fr\/champmarketparis\/","https:\/\/www.linkedin.com\/company\/champmarket\/"]},{"@type":"Person","@id":"https:\/\/www.champmarket.com\/#\/schema\/person\/978de2fc1d304836a9b224d70e03b974","name":"Marine Molin","url":"https:\/\/www.champmarket.com\/en\/author\/marine\/"}]}},"_links":{"self":[{"href":"https:\/\/www.champmarket.com\/en\/wp-json\/wp\/v2\/posts\/26730","targetHints":{"allow":["GET"]}}],"collection":[{"href":"https:\/\/www.champmarket.com\/en\/wp-json\/wp\/v2\/posts"}],"about":[{"href":"https:\/\/www.champmarket.com\/en\/wp-json\/wp\/v2\/types\/post"}],"author":[{"embeddable":true,"href":"https:\/\/www.champmarket.com\/en\/wp-json\/wp\/v2\/users\/2"}],"replies":[{"embeddable":true,"href":"https:\/\/www.champmarket.com\/en\/wp-json\/wp\/v2\/comments?post=26730"}],"version-history":[{"count":0,"href":"https:\/\/www.champmarket.com\/en\/wp-json\/wp\/v2\/posts\/26730\/revisions"}],"wp:featuredmedia":[{"embeddable":true,"href":"https:\/\/www.champmarket.com\/en\/wp-json\/wp\/v2\/media\/26238"}],"wp:attachment":[{"href":"https:\/\/www.champmarket.com\/en\/wp-json\/wp\/v2\/media?parent=26730"}],"wp:term":[{"taxonomy":"category","embeddable":true,"href":"https:\/\/www.champmarket.com\/en\/wp-json\/wp\/v2\/categories?post=26730"},{"taxonomy":"post_tag","embeddable":true,"href":"https:\/\/www.champmarket.com\/en\/wp-json\/wp\/v2\/tags?post=26730"}],"curies":[{"name":"wp","href":"https:\/\/api.w.org\/{rel}","templated":true}]}}