{"id":52949,"date":"2023-05-31T13:05:33","date_gmt":"2023-05-31T11:05:33","guid":{"rendered":"https:\/\/www.champmarket.com\/non-categorizzato\/la-table-de-la-grande-dame-veuve-clicquot-al-plaza-athenee\/"},"modified":"2023-05-31T13:11:40","modified_gmt":"2023-05-31T11:11:40","slug":"la-table-de-la-grande-dame-veuve-clicquot-al-plaza-athenee","status":"publish","type":"post","link":"https:\/\/www.champmarket.com\/it\/actualites-nouveautes-it\/la-table-de-la-grande-dame-veuve-clicquot-al-plaza-athenee\/","title":{"rendered":"La Table de La Grande Dame Veuve Clicquot al Plaza Ath\u00e9n\u00e9e"},"content":{"rendered":"\t\t<div data-elementor-type=\"wp-post\" data-elementor-id=\"52949\" class=\"elementor elementor-52949 elementor-50069\" data-elementor-post-type=\"post\">\n\t\t\t\t\t\t<section class=\"elementor-section elementor-top-section elementor-element elementor-element-10d080a7 elementor-section-boxed elementor-section-height-default elementor-section-height-default\" data-id=\"10d080a7\" data-element_type=\"section\">\n\t\t\t\t\t\t<div class=\"elementor-container elementor-column-gap-default\">\n\t\t\t\t\t<div class=\"elementor-column elementor-col-100 elementor-top-column elementor-element elementor-element-70fa036e\" data-id=\"70fa036e\" data-element_type=\"column\">\n\t\t\t<div class=\"elementor-widget-wrap elementor-element-populated\">\n\t\t\t\t\t\t<div class=\"elementor-element elementor-element-6af67c44 elementor-widget elementor-widget-text-editor\" data-id=\"6af67c44\" data-element_type=\"widget\" data-widget_type=\"text-editor.default\">\n\t\t\t\t<div class=\"elementor-widget-container\">\n\t\t\t\t\t\t\t\t\t<p>Fino al 25 marzo, in occasione del lancio de <strong>La Grande Dame 2015<\/strong> in collaborazione con la designer italiana <strong>Paola Paronetto<\/strong>, virtuosa del colore, la Maison Veuve Clicquot vi invita a vivere <strong>un&#8217;esperienza artistica e gastronomica coinvolgente ed effimera<\/strong> al Plaza Ath\u00e9n\u00e9e di Parigi. In una serra appositamente progettata, potrete degustare un <strong>menu esclusivo e colorato ideato dallo chef stellato Jean Imbert<\/strong> per accompagnare la nuova annata 2015 de La Grande Dame Veuve Clicquot.<\/p>\n\t\t\t\t\t\t\t\t<\/div>\n\t\t\t\t<\/div>\n\t\t\t\t\t<\/div>\n\t\t<\/div>\n\t\t\t\t\t<\/div>\n\t\t<\/section>\n\t\t\t\t<section class=\"elementor-section elementor-top-section elementor-element elementor-element-0ac7aa9 elementor-section-boxed elementor-section-height-default elementor-section-height-default\" data-id=\"0ac7aa9\" data-element_type=\"section\">\n\t\t\t\t\t\t<div class=\"elementor-container elementor-column-gap-default\">\n\t\t\t\t\t<div class=\"elementor-column elementor-col-50 elementor-top-column elementor-element elementor-element-19890fb\" data-id=\"19890fb\" data-element_type=\"column\">\n\t\t\t<div class=\"elementor-widget-wrap elementor-element-populated\">\n\t\t\t\t\t\t<div class=\"elementor-element elementor-element-d48cf98 elementor-widget elementor-widget-image\" data-id=\"d48cf98\" data-element_type=\"widget\" data-widget_type=\"image.default\">\n\t\t\t\t<div class=\"elementor-widget-container\">\n\t\t\t\t\t\t\t\t\t\t\t\t\t\t\t<img fetchpriority=\"high\" decoding=\"async\" width=\"640\" height=\"640\" src=\"https:\/\/www.champmarket.com\/wp-content\/uploads\/2023\/03\/vignette-article-magazine-champmarket-veuve-clicquot-grande-dame-2015-edition-limitee-paola-paronetto-3.webp\" class=\"attachment-large size-large wp-image-50166\" alt=\"\u00c9dition Limit\u00e9e La Grande Dame 2015 Veuve Clicquot par Paola Paronetto - Champmarket, Magazine Champagne\" srcset=\"https:\/\/www.champmarket.com\/wp-content\/uploads\/2023\/03\/vignette-article-magazine-champmarket-veuve-clicquot-grande-dame-2015-edition-limitee-paola-paronetto-3.webp 860w, https:\/\/www.champmarket.com\/wp-content\/uploads\/2023\/03\/vignette-article-magazine-champmarket-veuve-clicquot-grande-dame-2015-edition-limitee-paola-paronetto-3-500x500.webp 500w, https:\/\/www.champmarket.com\/wp-content\/uploads\/2023\/03\/vignette-article-magazine-champmarket-veuve-clicquot-grande-dame-2015-edition-limitee-paola-paronetto-3-600x600.webp 600w, https:\/\/www.champmarket.com\/wp-content\/uploads\/2023\/03\/vignette-article-magazine-champmarket-veuve-clicquot-grande-dame-2015-edition-limitee-paola-paronetto-3-700x700.webp 700w, https:\/\/www.champmarket.com\/wp-content\/uploads\/2023\/03\/vignette-article-magazine-champmarket-veuve-clicquot-grande-dame-2015-edition-limitee-paola-paronetto-3-64x64.webp 64w, https:\/\/www.champmarket.com\/wp-content\/uploads\/2023\/03\/vignette-article-magazine-champmarket-veuve-clicquot-grande-dame-2015-edition-limitee-paola-paronetto-3-300x300.jpg 300w, https:\/\/www.champmarket.com\/wp-content\/uploads\/2023\/03\/vignette-article-magazine-champmarket-veuve-clicquot-grande-dame-2015-edition-limitee-paola-paronetto-3-150x150.jpg 150w, https:\/\/www.champmarket.com\/wp-content\/uploads\/2023\/03\/vignette-article-magazine-champmarket-veuve-clicquot-grande-dame-2015-edition-limitee-paola-paronetto-3-768x768.jpg 768w\" sizes=\"(max-width: 640px) 100vw, 640px\" \/>\t\t\t\t\t\t\t\t\t\t\t\t\t\t\t<\/div>\n\t\t\t\t<\/div>\n\t\t\t\t\t<\/div>\n\t\t<\/div>\n\t\t\t\t<div class=\"elementor-column elementor-col-50 elementor-top-column elementor-element elementor-element-785eb76\" data-id=\"785eb76\" data-element_type=\"column\">\n\t\t\t<div class=\"elementor-widget-wrap elementor-element-populated\">\n\t\t\t\t\t\t<div class=\"elementor-element elementor-element-a3f8581 elementor-widget elementor-widget-heading\" data-id=\"a3f8581\" data-element_type=\"widget\" data-widget_type=\"heading.default\">\n\t\t\t\t<div class=\"elementor-widget-container\">\n\t\t\t\t\t<h3 class=\"elementor-heading-title elementor-size-default\">EDIZIONE LIMITATA<\/h3>\t\t\t\t<\/div>\n\t\t\t\t<\/div>\n\t\t\t\t<div class=\"elementor-element elementor-element-47f98d3 elementor-widget elementor-widget-heading\" data-id=\"47f98d3\" data-element_type=\"widget\" data-widget_type=\"heading.default\">\n\t\t\t\t<div class=\"elementor-widget-container\">\n\t\t\t\t\t<h3 class=\"elementor-heading-title elementor-size-default\">Una nuova collaborazione<\/h3>\t\t\t\t<\/div>\n\t\t\t\t<\/div>\n\t\t\t\t<div class=\"elementor-element elementor-element-c94a145 elementor-widget elementor-widget-text-editor\" data-id=\"c94a145\" data-element_type=\"widget\" data-widget_type=\"text-editor.default\">\n\t\t\t\t<div class=\"elementor-widget-container\">\n\t\t\t\t\t\t\t\t\t<p>Con La Grande Dame 2015, <strong>Veuve Clicquot svela la sua nuova collaborazione con la designer italiana Paola Paronetto<\/strong>, virtuosa del colore.<\/p>\n<p>Questa nuova edizione limitata mostra La Grande Dame attraverso gli occhi dell&#8217;artista italiano:<\/p>\n<p><strong>Una sinfonia cromatica che riprende l&#8217;armonia dell&#8217;annata 2015.<\/strong><\/p>\n<p><strong>Sei scatole uniche e durature nella sua personale tavolozza di colori, intrisa di emozione e ottimismo. <\/strong><\/p>\n\t\t\t\t\t\t\t\t<\/div>\n\t\t\t\t<\/div>\n\t\t\t\t\t<\/div>\n\t\t<\/div>\n\t\t\t\t\t<\/div>\n\t\t<\/section>\n\t\t\t\t<section class=\"elementor-section elementor-top-section elementor-element elementor-element-4e210851 elementor-section-boxed elementor-section-height-default elementor-section-height-default\" data-id=\"4e210851\" data-element_type=\"section\">\n\t\t\t\t\t\t<div class=\"elementor-container elementor-column-gap-default\">\n\t\t\t\t\t<div class=\"elementor-column elementor-col-50 elementor-top-column elementor-element elementor-element-63c233b2\" data-id=\"63c233b2\" data-element_type=\"column\">\n\t\t\t<div class=\"elementor-widget-wrap elementor-element-populated\">\n\t\t\t\t\t\t<div class=\"elementor-element elementor-element-260b0c96 elementor-widget elementor-widget-heading\" data-id=\"260b0c96\" data-element_type=\"widget\" data-widget_type=\"heading.default\">\n\t\t\t\t<div class=\"elementor-widget-container\">\n\t\t\t\t\t<h3 class=\"elementor-heading-title elementor-size-default\">LA TABLE DE LA GRANDE DAME a plaza ath\u00e9n\u00e9e<\/h3>\t\t\t\t<\/div>\n\t\t\t\t<\/div>\n\t\t\t\t<div class=\"elementor-element elementor-element-77643e60 elementor-widget elementor-widget-heading\" data-id=\"77643e60\" data-element_type=\"widget\" data-widget_type=\"heading.default\">\n\t\t\t\t<div class=\"elementor-widget-container\">\n\t\t\t\t\t<h3 class=\"elementor-heading-title elementor-size-default\">Un'esperienza gastronomica colorata<\/h3>\t\t\t\t<\/div>\n\t\t\t\t<\/div>\n\t\t\t\t<div class=\"elementor-element elementor-element-42e1508 elementor-widget elementor-widget-text-editor\" data-id=\"42e1508\" data-element_type=\"widget\" data-widget_type=\"text-editor.default\">\n\t\t\t\t<div class=\"elementor-widget-container\">\n\t\t\t\t\t\t\t\t\t<p>La Table de La Grande Dame si \u00e8 insediata nella Cour Jardin di Plaza Ath\u00e9n\u00e9e fino al 25 marzo, in una serra costruita su misura.<\/p><p>Jean Imbert\u00a0lo chef stellato del Plaza Ath\u00e9n\u00e9e, ha ideato un <strong>originale menu gastronomico ispirato alla cucina italiana e ai suoi piatti pi\u00f9 raffinati<\/strong>, riprendendo le <em>Giganti<\/em>, creazioni materiche e scultoree di Paola Paronetto, che <strong>pongono il colore e le piante al centro del piatto<\/strong>.<\/p><p>L&#8217;esperienza inizia con un aperitivo con stuzzichini<em>&#8220;Giganti<\/em>&#8220;, seguito da un antipasto sul tema della &#8220;verticalit\u00e0&#8221; e da un piatto principale sul tema dei &#8220;colori&#8221;. Il dessert \u00e8 ispirato alla &#8220;texture&#8221;, con sorprendenti torte a forma di vaso che ricordano le creazioni dell&#8217;artista.<\/p>\t\t\t\t\t\t\t\t<\/div>\n\t\t\t\t<\/div>\n\t\t\t\t\t<\/div>\n\t\t<\/div>\n\t\t\t\t<div class=\"elementor-column elementor-col-50 elementor-top-column elementor-element elementor-element-24e4b7ce\" data-id=\"24e4b7ce\" data-element_type=\"column\">\n\t\t\t<div class=\"elementor-widget-wrap elementor-element-populated\">\n\t\t\t\t\t\t<div class=\"elementor-element elementor-element-269483d4 elementor-widget elementor-widget-image\" data-id=\"269483d4\" data-element_type=\"widget\" data-widget_type=\"image.default\">\n\t\t\t\t<div class=\"elementor-widget-container\">\n\t\t\t\t\t\t\t\t\t\t\t\t\t\t\t<img decoding=\"async\" width=\"640\" height=\"640\" src=\"https:\/\/www.champmarket.com\/wp-content\/uploads\/2023\/03\/vignette-article-magazine-champmarket-veuve-clicquot-grande-dame-2015-edition-limitee-paola-paronetto-2.webp\" class=\"attachment-large size-large wp-image-50162\" alt=\"\u00c9dition Limit\u00e9e La Grande Dame 2015 Veuve Clicquot par Paola Paronetto - Champmarket, Magazine Champagne\" srcset=\"https:\/\/www.champmarket.com\/wp-content\/uploads\/2023\/03\/vignette-article-magazine-champmarket-veuve-clicquot-grande-dame-2015-edition-limitee-paola-paronetto-2.webp 860w, https:\/\/www.champmarket.com\/wp-content\/uploads\/2023\/03\/vignette-article-magazine-champmarket-veuve-clicquot-grande-dame-2015-edition-limitee-paola-paronetto-2-500x500.webp 500w, https:\/\/www.champmarket.com\/wp-content\/uploads\/2023\/03\/vignette-article-magazine-champmarket-veuve-clicquot-grande-dame-2015-edition-limitee-paola-paronetto-2-600x600.webp 600w, https:\/\/www.champmarket.com\/wp-content\/uploads\/2023\/03\/vignette-article-magazine-champmarket-veuve-clicquot-grande-dame-2015-edition-limitee-paola-paronetto-2-700x700.webp 700w, https:\/\/www.champmarket.com\/wp-content\/uploads\/2023\/03\/vignette-article-magazine-champmarket-veuve-clicquot-grande-dame-2015-edition-limitee-paola-paronetto-2-64x64.webp 64w, https:\/\/www.champmarket.com\/wp-content\/uploads\/2023\/03\/vignette-article-magazine-champmarket-veuve-clicquot-grande-dame-2015-edition-limitee-paola-paronetto-2-300x300.jpg 300w, https:\/\/www.champmarket.com\/wp-content\/uploads\/2023\/03\/vignette-article-magazine-champmarket-veuve-clicquot-grande-dame-2015-edition-limitee-paola-paronetto-2-150x150.jpg 150w, https:\/\/www.champmarket.com\/wp-content\/uploads\/2023\/03\/vignette-article-magazine-champmarket-veuve-clicquot-grande-dame-2015-edition-limitee-paola-paronetto-2-768x768.jpg 768w\" sizes=\"(max-width: 640px) 100vw, 640px\" \/>\t\t\t\t\t\t\t\t\t\t\t\t\t\t\t<\/div>\n\t\t\t\t<\/div>\n\t\t\t\t\t<\/div>\n\t\t<\/div>\n\t\t\t\t\t<\/div>\n\t\t<\/section>\n\t\t\t\t<section class=\"elementor-section elementor-top-section elementor-element elementor-element-b1ae19e elementor-section-boxed elementor-section-height-default elementor-section-height-default\" data-id=\"b1ae19e\" data-element_type=\"section\">\n\t\t\t\t\t\t<div class=\"elementor-container elementor-column-gap-default\">\n\t\t\t\t\t<div class=\"elementor-column elementor-col-50 elementor-top-column elementor-element elementor-element-eee5683\" data-id=\"eee5683\" data-element_type=\"column\">\n\t\t\t<div class=\"elementor-widget-wrap elementor-element-populated\">\n\t\t\t\t\t\t<div class=\"elementor-element elementor-element-681c326 elementor-widget elementor-widget-image\" data-id=\"681c326\" data-element_type=\"widget\" data-widget_type=\"image.default\">\n\t\t\t\t<div class=\"elementor-widget-container\">\n\t\t\t\t\t\t\t\t\t\t\t\t\t\t\t<img decoding=\"async\" width=\"640\" height=\"640\" src=\"https:\/\/www.champmarket.com\/wp-content\/uploads\/2023\/03\/vignette-article-magazine-champmarket-veuve-clicquot-grande-dame-2015-edition-limitee-paola-paronetto-1.webp\" class=\"attachment-large size-large wp-image-50158\" alt=\"\u00c9dition Limit\u00e9e La Grande Dame 2015 Veuve Clicquot par Paola Paronetto - Champmarket, Magazine Champagne\" srcset=\"https:\/\/www.champmarket.com\/wp-content\/uploads\/2023\/03\/vignette-article-magazine-champmarket-veuve-clicquot-grande-dame-2015-edition-limitee-paola-paronetto-1.webp 860w, https:\/\/www.champmarket.com\/wp-content\/uploads\/2023\/03\/vignette-article-magazine-champmarket-veuve-clicquot-grande-dame-2015-edition-limitee-paola-paronetto-1-500x500.webp 500w, https:\/\/www.champmarket.com\/wp-content\/uploads\/2023\/03\/vignette-article-magazine-champmarket-veuve-clicquot-grande-dame-2015-edition-limitee-paola-paronetto-1-600x600.webp 600w, https:\/\/www.champmarket.com\/wp-content\/uploads\/2023\/03\/vignette-article-magazine-champmarket-veuve-clicquot-grande-dame-2015-edition-limitee-paola-paronetto-1-700x700.webp 700w, https:\/\/www.champmarket.com\/wp-content\/uploads\/2023\/03\/vignette-article-magazine-champmarket-veuve-clicquot-grande-dame-2015-edition-limitee-paola-paronetto-1-64x64.webp 64w, https:\/\/www.champmarket.com\/wp-content\/uploads\/2023\/03\/vignette-article-magazine-champmarket-veuve-clicquot-grande-dame-2015-edition-limitee-paola-paronetto-1-300x300.jpg 300w, https:\/\/www.champmarket.com\/wp-content\/uploads\/2023\/03\/vignette-article-magazine-champmarket-veuve-clicquot-grande-dame-2015-edition-limitee-paola-paronetto-1-150x150.jpg 150w, https:\/\/www.champmarket.com\/wp-content\/uploads\/2023\/03\/vignette-article-magazine-champmarket-veuve-clicquot-grande-dame-2015-edition-limitee-paola-paronetto-1-768x768.jpg 768w\" sizes=\"(max-width: 640px) 100vw, 640px\" \/>\t\t\t\t\t\t\t\t\t\t\t\t\t\t\t<\/div>\n\t\t\t\t<\/div>\n\t\t\t\t\t<\/div>\n\t\t<\/div>\n\t\t\t\t<div class=\"elementor-column elementor-col-50 elementor-top-column elementor-element elementor-element-cd48429\" data-id=\"cd48429\" data-element_type=\"column\">\n\t\t\t<div class=\"elementor-widget-wrap elementor-element-populated\">\n\t\t\t\t\t\t<div class=\"elementor-element elementor-element-6a15859 elementor-widget elementor-widget-heading\" data-id=\"6a15859\" data-element_type=\"widget\" data-widget_type=\"heading.default\">\n\t\t\t\t<div class=\"elementor-widget-container\">\n\t\t\t\t\t<h3 class=\"elementor-heading-title elementor-size-default\">ABBINAMENTI CIBO E CHAMPAGNE<\/h3>\t\t\t\t<\/div>\n\t\t\t\t<\/div>\n\t\t\t\t<div class=\"elementor-element elementor-element-b05fee5 elementor-widget elementor-widget-heading\" data-id=\"b05fee5\" data-element_type=\"widget\" data-widget_type=\"heading.default\">\n\t\t\t\t<div class=\"elementor-widget-container\">\n\t\t\t\t\t<h3 class=\"elementor-heading-title elementor-size-default\">Degustazione<\/h3>\t\t\t\t<\/div>\n\t\t\t\t<\/div>\n\t\t\t\t<div class=\"elementor-element elementor-element-168f1db elementor-widget elementor-widget-text-editor\" data-id=\"168f1db\" data-element_type=\"widget\" data-widget_type=\"text-editor.default\">\n\t\t\t\t<div class=\"elementor-widget-container\">\n\t\t\t\t\t\t\t\t\t<p>L&#8217;esperienza comprende un bicchiere di champagne <span style=\"text-decoration: underline;\"><a href=\"https:\/\/www.champmarket.com\/it\/champagne\/veuve-clicquot-brut-carte-jaune-bottiglia\/\">Veuve Clicquot Brut Carte Jaune<\/a><\/span> e due bicchieri di Grande Dame 2015, un&#8217;annata eccezionale per un vino pieno di tensione ed eleganza.<\/p>\n<p><strong>&gt;<\/strong> <span style=\"text-decoration: underline;\"><a href=\"https:\/\/www.sevenrooms.com\/events\/ahNzfnNldmVucm9vbXMtc2VjdXJlchwLEg9uaWdodGxvb3BfVmVudWUYgIC09I_d_woM?event_id=ahNzfnNldmVucm9vbXMtc2VjdXJlcjYLEg9uaWdodGxvb3BfVmVudWUYgIC09I_d_woMCxIQc3JfR2VuVmVudWVFdmVudBiGnt3VIAw\" target=\"_blank\" rel=\"noopener\"><strong>PRENOTATE IL VOSTRO TAVOLO<\/strong><\/a><\/span><\/p>\n<p><strong>&gt;<\/strong> <strong>DESIDERA PRENOTARE IN ANTICIPO L&#8217;EDIZIONE LIMITATA LA GRANDE DAME 2015 VEUVE CLICQUOT?<\/strong> <a href=\"https:\/\/www.champmarket.com\/it\/contacts\/#formulairedecontact\" target=\"_blank\" rel=\"noopener\"><span style=\"text-decoration: underline;\"><strong>INVIACI LA TUA RICHIESTA<\/strong><\/span><\/a><\/p>\n\t\t\t\t\t\t\t\t<\/div>\n\t\t\t\t<\/div>\n\t\t\t\t\t<\/div>\n\t\t<\/div>\n\t\t\t\t\t<\/div>\n\t\t<\/section>\n\t\t\t\t<section class=\"elementor-section elementor-top-section elementor-element elementor-element-779d210 elementor-section-boxed elementor-section-height-default elementor-section-height-default\" data-id=\"779d210\" data-element_type=\"section\">\n\t\t\t\t\t\t<div class=\"elementor-container elementor-column-gap-default\">\n\t\t\t\t\t<div class=\"elementor-column elementor-col-100 elementor-top-column elementor-element elementor-element-24790e9\" data-id=\"24790e9\" data-element_type=\"column\">\n\t\t\t<div class=\"elementor-widget-wrap elementor-element-populated\">\n\t\t\t\t\t\t<div class=\"elementor-element elementor-element-55caad82 elementor-widget elementor-widget-text-editor\" data-id=\"55caad82\" data-element_type=\"widget\" data-widget_type=\"text-editor.default\">\n\t\t\t\t<div class=\"elementor-widget-container\">\n\t\t\t\t\t\t\t\t\t<p><em>Fonte : <span style=\"text-decoration: underline;\"><a href=\"https:\/\/www.champmarket.com\/it\/maisons\/selection-champagne-veuve-clicquot-it\/\">Champagne Veuve Clicquot<\/a><\/span><\/em><\/p>\n\t\t\t\t\t\t\t\t<\/div>\n\t\t\t\t<\/div>\n\t\t\t\t\t<\/div>\n\t\t<\/div>\n\t\t\t\t\t<\/div>\n\t\t<\/section>\n\t\t\t\t<section class=\"elementor-section elementor-top-section elementor-element elementor-element-b6697be elementor-section-boxed elementor-section-height-default elementor-section-height-default\" data-id=\"b6697be\" data-element_type=\"section\">\n\t\t\t\t\t\t<div class=\"elementor-container elementor-column-gap-default\">\n\t\t\t\t\t<div class=\"elementor-column elementor-col-100 elementor-top-column elementor-element elementor-element-187259b7\" data-id=\"187259b7\" data-element_type=\"column\">\n\t\t\t<div class=\"elementor-widget-wrap elementor-element-populated\">\n\t\t\t\t\t\t<div class=\"elementor-element elementor-element-c0cc36e elementor-widget elementor-widget-post-navigation\" data-id=\"c0cc36e\" data-element_type=\"widget\" data-widget_type=\"post-navigation.default\">\n\t\t\t\t<div class=\"elementor-widget-container\">\n\t\t\t\t\t\t\t<div class=\"elementor-post-navigation\" role=\"navigation\" aria-label=\"Navigazione dell&#039;articolo\">\n\t\t\t<div class=\"elementor-post-navigation__prev elementor-post-navigation__link\">\n\t\t\t\t<a href=\"https:\/\/www.champmarket.com\/it\/gastronomie-it\/scopri-nuovi-abbinamenti-perfetti-con-la-cuvees-rare-vintage-2008\/\" rel=\"prev\"><span class=\"post-navigation__arrow-wrapper post-navigation__arrow-prev\"><svg aria-hidden=\"true\" class=\"e-font-icon-svg e-fas-angle-left\" viewBox=\"0 0 256 512\" xmlns=\"http:\/\/www.w3.org\/2000\/svg\"><path d=\"M31.7 239l136-136c9.4-9.4 24.6-9.4 33.9 0l22.6 22.6c9.4 9.4 9.4 24.6 0 33.9L127.9 256l96.4 96.4c9.4 9.4 9.4 24.6 0 33.9L201.7 409c-9.4 9.4-24.6 9.4-33.9 0l-136-136c-9.5-9.4-9.5-24.6-.1-34z\"><\/path><\/svg><span class=\"elementor-screen-only\">Precedente<\/span><\/span><span class=\"elementor-post-navigation__link__prev\"><span class=\"post-navigation__prev--label\">Precedente<\/span><span class=\"post-navigation__prev--title\">Scopri nuovi abbinamenti perfetti con la cuv\u00e9es Rare vintage 2008<\/span><\/span><\/a>\t\t\t<\/div>\n\t\t\t\t\t\t<div class=\"elementor-post-navigation__next elementor-post-navigation__link\">\n\t\t\t\t<a href=\"https:\/\/www.champmarket.com\/it\/actualites-nouveautes-it\/cene-dom-ruinart-a-cura-dello-chef-3-arnaud-donckele\/\" rel=\"next\"><span class=\"elementor-post-navigation__link__next\"><span class=\"post-navigation__next--label\">Successivo<\/span><span class=\"post-navigation__next--title\">Cene Dom Ruinart a cura dello chef 3* Arnaud Donckele<\/span><\/span><span class=\"post-navigation__arrow-wrapper post-navigation__arrow-next\"><svg aria-hidden=\"true\" class=\"e-font-icon-svg e-fas-angle-right\" viewBox=\"0 0 256 512\" xmlns=\"http:\/\/www.w3.org\/2000\/svg\"><path d=\"M224.3 273l-136 136c-9.4 9.4-24.6 9.4-33.9 0l-22.6-22.6c-9.4-9.4-9.4-24.6 0-33.9l96.4-96.4-96.4-96.4c-9.4-9.4-9.4-24.6 0-33.9L54.3 103c9.4-9.4 24.6-9.4 33.9 0l136 136c9.5 9.4 9.5 24.6.1 34z\"><\/path><\/svg><span class=\"elementor-screen-only\">Successivo<\/span><\/span><\/a>\t\t\t<\/div>\n\t\t<\/div>\n\t\t\t\t\t\t<\/div>\n\t\t\t\t<\/div>\n\t\t\t\t\t<\/div>\n\t\t<\/div>\n\t\t\t\t\t<\/div>\n\t\t<\/section>\n\t\t\t\t<section class=\"elementor-section elementor-top-section elementor-element elementor-element-3ca8faf4 elementor-section-full_width elementor-section-height-default elementor-section-height-default\" data-id=\"3ca8faf4\" data-element_type=\"section\">\n\t\t\t\t\t\t<div class=\"elementor-container elementor-column-gap-default\">\n\t\t\t\t\t<div class=\"elementor-column elementor-col-100 elementor-top-column elementor-element elementor-element-4c28bbb0\" data-id=\"4c28bbb0\" data-element_type=\"column\">\n\t\t\t<div class=\"elementor-widget-wrap elementor-element-populated\">\n\t\t\t\t\t\t<div class=\"elementor-element elementor-element-2d26e97c elementor-widget elementor-widget-heading\" data-id=\"2d26e97c\" data-element_type=\"widget\" data-widget_type=\"heading.default\">\n\t\t\t\t<div class=\"elementor-widget-container\">\n\t\t\t\t\t<h2 class=\"elementor-heading-title elementor-size-default\">Altri <b>articoli<\/b><\/h2>\t\t\t\t<\/div>\n\t\t\t\t<\/div>\n\t\t\t\t<div class=\"elementor-element elementor-element-2ca94694 elementor-posts__hover-none elementor-grid-tablet-1 elementor-grid-3 elementor-grid-mobile-1 elementor-posts--thumbnail-top elementor-widget elementor-widget-posts\" data-id=\"2ca94694\" data-element_type=\"widget\" data-settings=\"{&quot;cards_row_gap&quot;:{&quot;unit&quot;:&quot;px&quot;,&quot;size&quot;:&quot;50&quot;,&quot;sizes&quot;:[]},&quot;cards_columns_tablet&quot;:&quot;1&quot;,&quot;cards_columns&quot;:&quot;3&quot;,&quot;cards_columns_mobile&quot;:&quot;1&quot;,&quot;cards_row_gap_tablet&quot;:{&quot;unit&quot;:&quot;px&quot;,&quot;size&quot;:&quot;&quot;,&quot;sizes&quot;:[]},&quot;cards_row_gap_mobile&quot;:{&quot;unit&quot;:&quot;px&quot;,&quot;size&quot;:&quot;&quot;,&quot;sizes&quot;:[]}}\" data-widget_type=\"posts.cards\">\n\t\t\t\t<div class=\"elementor-widget-container\">\n\t\t\t\t\t\t\t<div class=\"elementor-posts-container elementor-posts elementor-posts--skin-cards elementor-grid\" role=\"list\">\n\t\t\t\t<article class=\"elementor-post elementor-grid-item post-82953 post type-post status-publish format-standard has-post-thumbnail hentry category-champagne-sostenibile tag-champagne-sostenibile\" role=\"listitem\">\n\t\t\t<div class=\"elementor-post__card\">\n\t\t\t\t<a class=\"elementor-post__thumbnail__link\" href=\"https:\/\/www.champmarket.com\/it\/champagne-sostenibile\/viticoltura-sostenibile-quali-pratiche\/\" tabindex=\"-1\" ><div class=\"elementor-post__thumbnail\"><img loading=\"lazy\" decoding=\"async\" width=\"888\" height=\"492\" src=\"https:\/\/www.champmarket.com\/wp-content\/uploads\/2024\/07\/visuel-header-article-magazine-viticulture-durable-quelles-pratiques.webp\" class=\"attachment-full size-full wp-image-70420\" alt=\"Viticulture durable : quelles pratiques ?\" srcset=\"https:\/\/www.champmarket.com\/wp-content\/uploads\/2024\/07\/visuel-header-article-magazine-viticulture-durable-quelles-pratiques.webp 888w, https:\/\/www.champmarket.com\/wp-content\/uploads\/2024\/07\/visuel-header-article-magazine-viticulture-durable-quelles-pratiques-600x332.webp 600w, https:\/\/www.champmarket.com\/wp-content\/uploads\/2024\/07\/visuel-header-article-magazine-viticulture-durable-quelles-pratiques-700x388.webp 700w, https:\/\/www.champmarket.com\/wp-content\/uploads\/2024\/07\/visuel-header-article-magazine-viticulture-durable-quelles-pratiques-64x35.webp 64w, https:\/\/www.champmarket.com\/wp-content\/uploads\/2024\/07\/visuel-header-article-magazine-viticulture-durable-quelles-pratiques-300x166.webp 300w, https:\/\/www.champmarket.com\/wp-content\/uploads\/2024\/07\/visuel-header-article-magazine-viticulture-durable-quelles-pratiques-768x426.webp 768w\" sizes=\"(max-width: 888px) 100vw, 888px\" \/><\/div><\/a>\n\t\t\t\t<div class=\"elementor-post__text\">\n\t\t\t\t<h3 class=\"elementor-post__title\">\n\t\t\t<a href=\"https:\/\/www.champmarket.com\/it\/champagne-sostenibile\/viticoltura-sostenibile-quali-pratiche\/\" >\n\t\t\t\tViticoltura sostenibile: quali pratiche?\t\t\t<\/a>\n\t\t<\/h3>\n\t\t\t\t<\/div>\n\t\t\t\t<div class=\"elementor-post__meta-data\">\n\t\t\t\t\t<span class=\"elementor-post-date\">\n\t\t\t12 Giugno 2025\t\t<\/span>\n\t\t\t\t<\/div>\n\t\t\t\t\t<\/div>\n\t\t<\/article>\n\t\t\t\t<article class=\"elementor-post elementor-grid-item post-82968 post type-post status-publish format-standard has-post-thumbnail hentry category-conseils-du-sommelier-it tag-degustation-it tag-temperature-it\" role=\"listitem\">\n\t\t\t<div class=\"elementor-post__card\">\n\t\t\t\t<a class=\"elementor-post__thumbnail__link\" href=\"https:\/\/www.champmarket.com\/it\/conseils-du-sommelier-it\/qual-e-la-temperatura-ideale-per-gustare-lo-champagne\/\" tabindex=\"-1\" ><div class=\"elementor-post__thumbnail\"><img loading=\"lazy\" decoding=\"async\" width=\"1920\" height=\"960\" src=\"https:\/\/www.champmarket.com\/wp-content\/uploads\/2024\/11\/visuel-header-e-store-delamotte.webp\" class=\"attachment-full size-full wp-image-75417\" alt=\"Champagne Delamotte - Champmarket\" srcset=\"https:\/\/www.champmarket.com\/wp-content\/uploads\/2024\/11\/visuel-header-e-store-delamotte.webp 1920w, https:\/\/www.champmarket.com\/wp-content\/uploads\/2024\/11\/visuel-header-e-store-delamotte-600x300.webp 600w, https:\/\/www.champmarket.com\/wp-content\/uploads\/2024\/11\/visuel-header-e-store-delamotte-700x350.webp 700w, https:\/\/www.champmarket.com\/wp-content\/uploads\/2024\/11\/visuel-header-e-store-delamotte-64x32.webp 64w, https:\/\/www.champmarket.com\/wp-content\/uploads\/2024\/11\/visuel-header-e-store-delamotte-300x150.webp 300w, https:\/\/www.champmarket.com\/wp-content\/uploads\/2024\/11\/visuel-header-e-store-delamotte-1024x512.webp 1024w, https:\/\/www.champmarket.com\/wp-content\/uploads\/2024\/11\/visuel-header-e-store-delamotte-768x384.webp 768w, https:\/\/www.champmarket.com\/wp-content\/uploads\/2024\/11\/visuel-header-e-store-delamotte-1536x768.webp 1536w\" sizes=\"(max-width: 1920px) 100vw, 1920px\" \/><\/div><\/a>\n\t\t\t\t<div class=\"elementor-post__text\">\n\t\t\t\t<h3 class=\"elementor-post__title\">\n\t\t\t<a href=\"https:\/\/www.champmarket.com\/it\/conseils-du-sommelier-it\/qual-e-la-temperatura-ideale-per-gustare-lo-champagne\/\" >\n\t\t\t\tQual \u00e8 la temperatura ideale per gustare lo champagne?\t\t\t<\/a>\n\t\t<\/h3>\n\t\t\t\t<\/div>\n\t\t\t\t<div class=\"elementor-post__meta-data\">\n\t\t\t\t\t<span class=\"elementor-post-date\">\n\t\t\t14 Aprile 2025\t\t<\/span>\n\t\t\t\t<\/div>\n\t\t\t\t\t<\/div>\n\t\t<\/article>\n\t\t\t\t<article class=\"elementor-post elementor-grid-item post-78968 post type-post status-publish format-standard has-post-thumbnail hentry category-champagne-sostenibile\" role=\"listitem\">\n\t\t\t<div class=\"elementor-post__card\">\n\t\t\t\t<a class=\"elementor-post__thumbnail__link\" href=\"https:\/\/www.champmarket.com\/it\/champagne-sostenibile\/champagne-una-scuola-per-lo-sviluppo-sostenibile-grazie-a-un-approccio-collettivo\/\" tabindex=\"-1\" ><div class=\"elementor-post__thumbnail\"><img loading=\"lazy\" decoding=\"async\" width=\"1200\" height=\"1200\" src=\"https:\/\/www.champmarket.com\/wp-content\/uploads\/2024\/09\/vignette-article-viticulture-durable-48.webp\" class=\"attachment-full size-full wp-image-73908\" alt=\"Visuel article champagne durable vignes Champmarket\" srcset=\"https:\/\/www.champmarket.com\/wp-content\/uploads\/2024\/09\/vignette-article-viticulture-durable-48.webp 1200w, https:\/\/www.champmarket.com\/wp-content\/uploads\/2024\/09\/vignette-article-viticulture-durable-48-500x500.webp 500w, https:\/\/www.champmarket.com\/wp-content\/uploads\/2024\/09\/vignette-article-viticulture-durable-48-600x600.webp 600w, https:\/\/www.champmarket.com\/wp-content\/uploads\/2024\/09\/vignette-article-viticulture-durable-48-700x700.webp 700w, https:\/\/www.champmarket.com\/wp-content\/uploads\/2024\/09\/vignette-article-viticulture-durable-48-64x64.webp 64w, https:\/\/www.champmarket.com\/wp-content\/uploads\/2024\/09\/vignette-article-viticulture-durable-48-300x300.webp 300w, https:\/\/www.champmarket.com\/wp-content\/uploads\/2024\/09\/vignette-article-viticulture-durable-48-1024x1024.webp 1024w, https:\/\/www.champmarket.com\/wp-content\/uploads\/2024\/09\/vignette-article-viticulture-durable-48-150x150.webp 150w, https:\/\/www.champmarket.com\/wp-content\/uploads\/2024\/09\/vignette-article-viticulture-durable-48-768x768.webp 768w\" sizes=\"(max-width: 1200px) 100vw, 1200px\" \/><\/div><\/a>\n\t\t\t\t<div class=\"elementor-post__text\">\n\t\t\t\t<h3 class=\"elementor-post__title\">\n\t\t\t<a href=\"https:\/\/www.champmarket.com\/it\/champagne-sostenibile\/champagne-una-scuola-per-lo-sviluppo-sostenibile-grazie-a-un-approccio-collettivo\/\" >\n\t\t\t\tChampagne, una scuola per lo sviluppo sostenibile grazie a un approccio collettivo\t\t\t<\/a>\n\t\t<\/h3>\n\t\t\t\t<\/div>\n\t\t\t\t<div class=\"elementor-post__meta-data\">\n\t\t\t\t\t<span class=\"elementor-post-date\">\n\t\t\t10 Febbraio 2025\t\t<\/span>\n\t\t\t\t<\/div>\n\t\t\t\t\t<\/div>\n\t\t<\/article>\n\t\t\t\t<\/div>\n\t\t\n\t\t\t\t\t\t<\/div>\n\t\t\t\t<\/div>\n\t\t\t\t\t<\/div>\n\t\t<\/div>\n\t\t\t\t\t<\/div>\n\t\t<\/section>\n\t\t\t\t<\/div>\n\t\t","protected":false},"excerpt":{"rendered":"<p>In occasione del lancio de La Grande Dame 2015 in collaborazione con la stilista italiana Paola Paronetto, Veuve Clicquot invita a vivere un&#8217;esperienza artistica e gastronomica coinvolgente ed effimera al Plaza Ath\u00e9n\u00e9e di Parigi, con lo chef stellato Jean Imbert. Prenotate i vostri posti!<\/p>\n","protected":false},"author":2,"featured_media":50170,"comment_status":"closed","ping_status":"closed","sticky":false,"template":"","format":"standard","meta":{"_acf_changed":false,"footnotes":""},"categories":[2237],"tags":[2437,2489,2540,2672],"class_list":["post-52949","post","type-post","status-publish","format-standard","has-post-thumbnail","hentry","category-actualites-nouveautes-it","tag-accord-parfait-it","tag-chef-cuisinier-it","tag-gastronomie-it","tag-veuve-clicquot-it"],"acf":[],"yoast_head":"<!-- This site is optimized with the Yoast SEO plugin v26.4 - https:\/\/yoast.com\/wordpress\/plugins\/seo\/ -->\n<title>La Table de La Grande Dame Veuve Clicquot al Plaza Ath\u00e9n\u00e9e - Rivista Champagne et Art de Vivre - Champmarket<\/title>\n<meta name=\"description\" content=\"In occasione del lancio de La Grande Dame 2015 in collaborazione con la stilista italiana Paola Paronetto, Veuve Clicquot invita a vivere un&#039;esperienza artistica e gastronomica coinvolgente ed effimera al Plaza Ath\u00e9n\u00e9e di Parigi, con lo chef stellato Jean Imbert. Prenotate i vostri posti!\" \/>\n<meta name=\"robots\" content=\"index, follow, max-snippet:-1, max-image-preview:large, max-video-preview:-1\" \/>\n<link rel=\"canonical\" href=\"https:\/\/www.champmarket.com\/it\/actualites-nouveautes-it\/la-table-de-la-grande-dame-veuve-clicquot-al-plaza-athenee\/\" \/>\n<meta property=\"og:locale\" content=\"it_IT\" \/>\n<meta property=\"og:type\" content=\"article\" \/>\n<meta property=\"og:title\" content=\"La Table de La Grande Dame Veuve Clicquot al Plaza Ath\u00e9n\u00e9e - Rivista Champagne et Art de Vivre - Champmarket\" \/>\n<meta property=\"og:description\" content=\"In occasione del lancio de La Grande Dame 2015 in collaborazione con la stilista italiana Paola Paronetto, Veuve Clicquot invita a vivere un&#039;esperienza artistica e gastronomica coinvolgente ed effimera al Plaza Ath\u00e9n\u00e9e di Parigi, con lo chef stellato Jean Imbert. Prenotate i vostri posti!\" \/>\n<meta property=\"og:url\" content=\"https:\/\/www.champmarket.com\/it\/actualites-nouveautes-it\/la-table-de-la-grande-dame-veuve-clicquot-al-plaza-athenee\/\" \/>\n<meta property=\"og:site_name\" content=\"Champmarket\" \/>\n<meta property=\"article:publisher\" content=\"https:\/\/www.facebook.com\/ChampMarket\/\" \/>\n<meta property=\"article:published_time\" content=\"2023-05-31T11:05:33+00:00\" \/>\n<meta property=\"article:modified_time\" content=\"2023-05-31T11:11:40+00:00\" \/>\n<meta property=\"og:image\" content=\"https:\/\/www.champmarket.com\/wp-content\/uploads\/2023\/03\/visuel-header-article-magazine-champmarket-veuve-clicquot-grande-dame-2015-la-grande-table-veuve-clicquot-jean-imbert.jpg\" \/>\n\t<meta property=\"og:image:width\" content=\"888\" \/>\n\t<meta property=\"og:image:height\" content=\"492\" \/>\n\t<meta property=\"og:image:type\" content=\"image\/jpeg\" \/>\n<meta name=\"author\" content=\"Marine Molin\" \/>\n<meta name=\"twitter:card\" content=\"summary_large_image\" \/>\n<meta name=\"twitter:creator\" content=\"@champmarket\" \/>\n<meta name=\"twitter:site\" content=\"@champmarket\" \/>\n<meta name=\"twitter:label1\" content=\"Scritto da\" \/>\n\t<meta name=\"twitter:data1\" content=\"Marine Molin\" \/>\n\t<meta name=\"twitter:label2\" content=\"Tempo di lettura stimato\" \/>\n\t<meta name=\"twitter:data2\" content=\"4 minuti\" \/>\n<script type=\"application\/ld+json\" class=\"yoast-schema-graph\">{\"@context\":\"https:\/\/schema.org\",\"@graph\":[{\"@type\":\"Article\",\"@id\":\"https:\/\/www.champmarket.com\/it\/actualites-nouveautes-it\/la-table-de-la-grande-dame-veuve-clicquot-al-plaza-athenee\/#article\",\"isPartOf\":{\"@id\":\"https:\/\/www.champmarket.com\/it\/actualites-nouveautes-it\/la-table-de-la-grande-dame-veuve-clicquot-al-plaza-athenee\/\"},\"author\":{\"name\":\"Marine Molin\",\"@id\":\"https:\/\/www.champmarket.com\/#\/schema\/person\/978de2fc1d304836a9b224d70e03b974\"},\"headline\":\"La Table de La Grande Dame Veuve Clicquot al Plaza Ath\u00e9n\u00e9e\",\"datePublished\":\"2023-05-31T11:05:33+00:00\",\"dateModified\":\"2023-05-31T11:11:40+00:00\",\"mainEntityOfPage\":{\"@id\":\"https:\/\/www.champmarket.com\/it\/actualites-nouveautes-it\/la-table-de-la-grande-dame-veuve-clicquot-al-plaza-athenee\/\"},\"wordCount\":344,\"publisher\":{\"@id\":\"https:\/\/www.champmarket.com\/#organization\"},\"image\":{\"@id\":\"https:\/\/www.champmarket.com\/it\/actualites-nouveautes-it\/la-table-de-la-grande-dame-veuve-clicquot-al-plaza-athenee\/#primaryimage\"},\"thumbnailUrl\":\"https:\/\/www.champmarket.com\/wp-content\/uploads\/2023\/03\/visuel-header-article-magazine-champmarket-veuve-clicquot-grande-dame-2015-la-grande-table-veuve-clicquot-jean-imbert.webp\",\"keywords\":[\"Accordo perfetto\",\"Capo\",\"Gastronomia\",\"Veuve Clicquot\"],\"articleSection\":[\"Novita e Attualit\u00e0\"],\"inLanguage\":\"it-IT\"},{\"@type\":\"WebPage\",\"@id\":\"https:\/\/www.champmarket.com\/it\/actualites-nouveautes-it\/la-table-de-la-grande-dame-veuve-clicquot-al-plaza-athenee\/\",\"url\":\"https:\/\/www.champmarket.com\/it\/actualites-nouveautes-it\/la-table-de-la-grande-dame-veuve-clicquot-al-plaza-athenee\/\",\"name\":\"La Table de La Grande Dame Veuve Clicquot al Plaza Ath\u00e9n\u00e9e - Rivista Champagne et Art de Vivre - Champmarket\",\"isPartOf\":{\"@id\":\"https:\/\/www.champmarket.com\/#website\"},\"primaryImageOfPage\":{\"@id\":\"https:\/\/www.champmarket.com\/it\/actualites-nouveautes-it\/la-table-de-la-grande-dame-veuve-clicquot-al-plaza-athenee\/#primaryimage\"},\"image\":{\"@id\":\"https:\/\/www.champmarket.com\/it\/actualites-nouveautes-it\/la-table-de-la-grande-dame-veuve-clicquot-al-plaza-athenee\/#primaryimage\"},\"thumbnailUrl\":\"https:\/\/www.champmarket.com\/wp-content\/uploads\/2023\/03\/visuel-header-article-magazine-champmarket-veuve-clicquot-grande-dame-2015-la-grande-table-veuve-clicquot-jean-imbert.webp\",\"datePublished\":\"2023-05-31T11:05:33+00:00\",\"dateModified\":\"2023-05-31T11:11:40+00:00\",\"description\":\"In occasione del lancio de La Grande Dame 2015 in collaborazione con la stilista italiana Paola Paronetto, Veuve Clicquot invita a vivere un'esperienza artistica e gastronomica coinvolgente ed effimera al Plaza Ath\u00e9n\u00e9e di Parigi, con lo chef stellato Jean Imbert. Prenotate i vostri posti!\",\"breadcrumb\":{\"@id\":\"https:\/\/www.champmarket.com\/it\/actualites-nouveautes-it\/la-table-de-la-grande-dame-veuve-clicquot-al-plaza-athenee\/#breadcrumb\"},\"inLanguage\":\"it-IT\",\"potentialAction\":[{\"@type\":\"ReadAction\",\"target\":[\"https:\/\/www.champmarket.com\/it\/actualites-nouveautes-it\/la-table-de-la-grande-dame-veuve-clicquot-al-plaza-athenee\/\"]}]},{\"@type\":\"ImageObject\",\"inLanguage\":\"it-IT\",\"@id\":\"https:\/\/www.champmarket.com\/it\/actualites-nouveautes-it\/la-table-de-la-grande-dame-veuve-clicquot-al-plaza-athenee\/#primaryimage\",\"url\":\"https:\/\/www.champmarket.com\/wp-content\/uploads\/2023\/03\/visuel-header-article-magazine-champmarket-veuve-clicquot-grande-dame-2015-la-grande-table-veuve-clicquot-jean-imbert.webp\",\"contentUrl\":\"https:\/\/www.champmarket.com\/wp-content\/uploads\/2023\/03\/visuel-header-article-magazine-champmarket-veuve-clicquot-grande-dame-2015-la-grande-table-veuve-clicquot-jean-imbert.webp\",\"width\":888,\"height\":492,\"caption\":\"La Table de La Grande Dame Veuve Clicquot au Plaza Ath\u00e9n\u00e9e\u00a0- Magazine Champagne - Champmarket\"},{\"@type\":\"BreadcrumbList\",\"@id\":\"https:\/\/www.champmarket.com\/it\/actualites-nouveautes-it\/la-table-de-la-grande-dame-veuve-clicquot-al-plaza-athenee\/#breadcrumb\",\"itemListElement\":[{\"@type\":\"ListItem\",\"position\":1,\"name\":\"Home\",\"item\":\"https:\/\/www.champmarket.com\/it\/acquista-champagne-online-champmarket\/\"},{\"@type\":\"ListItem\",\"position\":2,\"name\":\"La Table de La Grande Dame Veuve Clicquot al Plaza Ath\u00e9n\u00e9e\"}]},{\"@type\":\"WebSite\",\"@id\":\"https:\/\/www.champmarket.com\/#website\",\"url\":\"https:\/\/www.champmarket.com\/\",\"name\":\"Champmarket\",\"description\":\"Champmarket, Champagnes, Cadeaux et Art de Vivre\",\"publisher\":{\"@id\":\"https:\/\/www.champmarket.com\/#organization\"},\"potentialAction\":[{\"@type\":\"SearchAction\",\"target\":{\"@type\":\"EntryPoint\",\"urlTemplate\":\"https:\/\/www.champmarket.com\/?s={search_term_string}\"},\"query-input\":{\"@type\":\"PropertyValueSpecification\",\"valueRequired\":true,\"valueName\":\"search_term_string\"}}],\"inLanguage\":\"it-IT\"},{\"@type\":\"Organization\",\"@id\":\"https:\/\/www.champmarket.com\/#organization\",\"name\":\"Champmarket\",\"url\":\"https:\/\/www.champmarket.com\/\",\"logo\":{\"@type\":\"ImageObject\",\"inLanguage\":\"it-IT\",\"@id\":\"https:\/\/www.champmarket.com\/#\/schema\/logo\/image\/\",\"url\":\"https:\/\/www.champmarket.com\/wp-content\/uploads\/2024\/08\/logo2024-1.svg\",\"contentUrl\":\"https:\/\/www.champmarket.com\/wp-content\/uploads\/2024\/08\/logo2024-1.svg\",\"width\":579.8,\"height\":80,\"caption\":\"Champmarket\"},\"image\":{\"@id\":\"https:\/\/www.champmarket.com\/#\/schema\/logo\/image\/\"},\"sameAs\":[\"https:\/\/www.facebook.com\/ChampMarket\/\",\"https:\/\/x.com\/champmarket\",\"https:\/\/www.instagram.com\/champmarket.paris\/\",\"https:\/\/www.pinterest.fr\/champmarketparis\/\",\"https:\/\/www.linkedin.com\/company\/champmarket\/\"]},{\"@type\":\"Person\",\"@id\":\"https:\/\/www.champmarket.com\/#\/schema\/person\/978de2fc1d304836a9b224d70e03b974\",\"name\":\"Marine Molin\",\"url\":\"https:\/\/www.champmarket.com\/it\/author\/marine\/\"}]}<\/script>\n<!-- \/ Yoast SEO plugin. -->","yoast_head_json":{"title":"La Table de La Grande Dame Veuve Clicquot al Plaza Ath\u00e9n\u00e9e - Rivista Champagne et Art de Vivre - Champmarket","description":"In occasione del lancio de La Grande Dame 2015 in collaborazione con la stilista italiana Paola Paronetto, Veuve Clicquot invita a vivere un'esperienza artistica e gastronomica coinvolgente ed effimera al Plaza Ath\u00e9n\u00e9e di Parigi, con lo chef stellato Jean Imbert. Prenotate i vostri posti!","robots":{"index":"index","follow":"follow","max-snippet":"max-snippet:-1","max-image-preview":"max-image-preview:large","max-video-preview":"max-video-preview:-1"},"canonical":"https:\/\/www.champmarket.com\/it\/actualites-nouveautes-it\/la-table-de-la-grande-dame-veuve-clicquot-al-plaza-athenee\/","og_locale":"it_IT","og_type":"article","og_title":"La Table de La Grande Dame Veuve Clicquot al Plaza Ath\u00e9n\u00e9e - Rivista Champagne et Art de Vivre - Champmarket","og_description":"In occasione del lancio de La Grande Dame 2015 in collaborazione con la stilista italiana Paola Paronetto, Veuve Clicquot invita a vivere un'esperienza artistica e gastronomica coinvolgente ed effimera al Plaza Ath\u00e9n\u00e9e di Parigi, con lo chef stellato Jean Imbert. Prenotate i vostri posti!","og_url":"https:\/\/www.champmarket.com\/it\/actualites-nouveautes-it\/la-table-de-la-grande-dame-veuve-clicquot-al-plaza-athenee\/","og_site_name":"Champmarket","article_publisher":"https:\/\/www.facebook.com\/ChampMarket\/","article_published_time":"2023-05-31T11:05:33+00:00","article_modified_time":"2023-05-31T11:11:40+00:00","og_image":[{"width":888,"height":492,"url":"https:\/\/www.champmarket.com\/wp-content\/uploads\/2023\/03\/visuel-header-article-magazine-champmarket-veuve-clicquot-grande-dame-2015-la-grande-table-veuve-clicquot-jean-imbert.jpg","type":"image\/jpeg"}],"author":"Marine Molin","twitter_card":"summary_large_image","twitter_creator":"@champmarket","twitter_site":"@champmarket","twitter_misc":{"Scritto da":"Marine Molin","Tempo di lettura stimato":"4 minuti"},"schema":{"@context":"https:\/\/schema.org","@graph":[{"@type":"Article","@id":"https:\/\/www.champmarket.com\/it\/actualites-nouveautes-it\/la-table-de-la-grande-dame-veuve-clicquot-al-plaza-athenee\/#article","isPartOf":{"@id":"https:\/\/www.champmarket.com\/it\/actualites-nouveautes-it\/la-table-de-la-grande-dame-veuve-clicquot-al-plaza-athenee\/"},"author":{"name":"Marine Molin","@id":"https:\/\/www.champmarket.com\/#\/schema\/person\/978de2fc1d304836a9b224d70e03b974"},"headline":"La Table de La Grande Dame Veuve Clicquot al Plaza Ath\u00e9n\u00e9e","datePublished":"2023-05-31T11:05:33+00:00","dateModified":"2023-05-31T11:11:40+00:00","mainEntityOfPage":{"@id":"https:\/\/www.champmarket.com\/it\/actualites-nouveautes-it\/la-table-de-la-grande-dame-veuve-clicquot-al-plaza-athenee\/"},"wordCount":344,"publisher":{"@id":"https:\/\/www.champmarket.com\/#organization"},"image":{"@id":"https:\/\/www.champmarket.com\/it\/actualites-nouveautes-it\/la-table-de-la-grande-dame-veuve-clicquot-al-plaza-athenee\/#primaryimage"},"thumbnailUrl":"https:\/\/www.champmarket.com\/wp-content\/uploads\/2023\/03\/visuel-header-article-magazine-champmarket-veuve-clicquot-grande-dame-2015-la-grande-table-veuve-clicquot-jean-imbert.webp","keywords":["Accordo perfetto","Capo","Gastronomia","Veuve Clicquot"],"articleSection":["Novita e Attualit\u00e0"],"inLanguage":"it-IT"},{"@type":"WebPage","@id":"https:\/\/www.champmarket.com\/it\/actualites-nouveautes-it\/la-table-de-la-grande-dame-veuve-clicquot-al-plaza-athenee\/","url":"https:\/\/www.champmarket.com\/it\/actualites-nouveautes-it\/la-table-de-la-grande-dame-veuve-clicquot-al-plaza-athenee\/","name":"La Table de La Grande Dame Veuve Clicquot al Plaza Ath\u00e9n\u00e9e - Rivista Champagne et Art de Vivre - Champmarket","isPartOf":{"@id":"https:\/\/www.champmarket.com\/#website"},"primaryImageOfPage":{"@id":"https:\/\/www.champmarket.com\/it\/actualites-nouveautes-it\/la-table-de-la-grande-dame-veuve-clicquot-al-plaza-athenee\/#primaryimage"},"image":{"@id":"https:\/\/www.champmarket.com\/it\/actualites-nouveautes-it\/la-table-de-la-grande-dame-veuve-clicquot-al-plaza-athenee\/#primaryimage"},"thumbnailUrl":"https:\/\/www.champmarket.com\/wp-content\/uploads\/2023\/03\/visuel-header-article-magazine-champmarket-veuve-clicquot-grande-dame-2015-la-grande-table-veuve-clicquot-jean-imbert.webp","datePublished":"2023-05-31T11:05:33+00:00","dateModified":"2023-05-31T11:11:40+00:00","description":"In occasione del lancio de La Grande Dame 2015 in collaborazione con la stilista italiana Paola Paronetto, Veuve Clicquot invita a vivere un'esperienza artistica e gastronomica coinvolgente ed effimera al Plaza Ath\u00e9n\u00e9e di Parigi, con lo chef stellato Jean Imbert. Prenotate i vostri posti!","breadcrumb":{"@id":"https:\/\/www.champmarket.com\/it\/actualites-nouveautes-it\/la-table-de-la-grande-dame-veuve-clicquot-al-plaza-athenee\/#breadcrumb"},"inLanguage":"it-IT","potentialAction":[{"@type":"ReadAction","target":["https:\/\/www.champmarket.com\/it\/actualites-nouveautes-it\/la-table-de-la-grande-dame-veuve-clicquot-al-plaza-athenee\/"]}]},{"@type":"ImageObject","inLanguage":"it-IT","@id":"https:\/\/www.champmarket.com\/it\/actualites-nouveautes-it\/la-table-de-la-grande-dame-veuve-clicquot-al-plaza-athenee\/#primaryimage","url":"https:\/\/www.champmarket.com\/wp-content\/uploads\/2023\/03\/visuel-header-article-magazine-champmarket-veuve-clicquot-grande-dame-2015-la-grande-table-veuve-clicquot-jean-imbert.webp","contentUrl":"https:\/\/www.champmarket.com\/wp-content\/uploads\/2023\/03\/visuel-header-article-magazine-champmarket-veuve-clicquot-grande-dame-2015-la-grande-table-veuve-clicquot-jean-imbert.webp","width":888,"height":492,"caption":"La Table de La Grande Dame Veuve Clicquot au Plaza Ath\u00e9n\u00e9e\u00a0- Magazine Champagne - Champmarket"},{"@type":"BreadcrumbList","@id":"https:\/\/www.champmarket.com\/it\/actualites-nouveautes-it\/la-table-de-la-grande-dame-veuve-clicquot-al-plaza-athenee\/#breadcrumb","itemListElement":[{"@type":"ListItem","position":1,"name":"Home","item":"https:\/\/www.champmarket.com\/it\/acquista-champagne-online-champmarket\/"},{"@type":"ListItem","position":2,"name":"La Table de La Grande Dame Veuve Clicquot al Plaza Ath\u00e9n\u00e9e"}]},{"@type":"WebSite","@id":"https:\/\/www.champmarket.com\/#website","url":"https:\/\/www.champmarket.com\/","name":"Champmarket","description":"Champmarket, Champagnes, Cadeaux et Art de Vivre","publisher":{"@id":"https:\/\/www.champmarket.com\/#organization"},"potentialAction":[{"@type":"SearchAction","target":{"@type":"EntryPoint","urlTemplate":"https:\/\/www.champmarket.com\/?s={search_term_string}"},"query-input":{"@type":"PropertyValueSpecification","valueRequired":true,"valueName":"search_term_string"}}],"inLanguage":"it-IT"},{"@type":"Organization","@id":"https:\/\/www.champmarket.com\/#organization","name":"Champmarket","url":"https:\/\/www.champmarket.com\/","logo":{"@type":"ImageObject","inLanguage":"it-IT","@id":"https:\/\/www.champmarket.com\/#\/schema\/logo\/image\/","url":"https:\/\/www.champmarket.com\/wp-content\/uploads\/2024\/08\/logo2024-1.svg","contentUrl":"https:\/\/www.champmarket.com\/wp-content\/uploads\/2024\/08\/logo2024-1.svg","width":579.8,"height":80,"caption":"Champmarket"},"image":{"@id":"https:\/\/www.champmarket.com\/#\/schema\/logo\/image\/"},"sameAs":["https:\/\/www.facebook.com\/ChampMarket\/","https:\/\/x.com\/champmarket","https:\/\/www.instagram.com\/champmarket.paris\/","https:\/\/www.pinterest.fr\/champmarketparis\/","https:\/\/www.linkedin.com\/company\/champmarket\/"]},{"@type":"Person","@id":"https:\/\/www.champmarket.com\/#\/schema\/person\/978de2fc1d304836a9b224d70e03b974","name":"Marine Molin","url":"https:\/\/www.champmarket.com\/it\/author\/marine\/"}]}},"_links":{"self":[{"href":"https:\/\/www.champmarket.com\/it\/wp-json\/wp\/v2\/posts\/52949","targetHints":{"allow":["GET"]}}],"collection":[{"href":"https:\/\/www.champmarket.com\/it\/wp-json\/wp\/v2\/posts"}],"about":[{"href":"https:\/\/www.champmarket.com\/it\/wp-json\/wp\/v2\/types\/post"}],"author":[{"embeddable":true,"href":"https:\/\/www.champmarket.com\/it\/wp-json\/wp\/v2\/users\/2"}],"replies":[{"embeddable":true,"href":"https:\/\/www.champmarket.com\/it\/wp-json\/wp\/v2\/comments?post=52949"}],"version-history":[{"count":4,"href":"https:\/\/www.champmarket.com\/it\/wp-json\/wp\/v2\/posts\/52949\/revisions"}],"predecessor-version":[{"id":52958,"href":"https:\/\/www.champmarket.com\/it\/wp-json\/wp\/v2\/posts\/52949\/revisions\/52958"}],"wp:featuredmedia":[{"embeddable":true,"href":"https:\/\/www.champmarket.com\/it\/wp-json\/wp\/v2\/media\/50170"}],"wp:attachment":[{"href":"https:\/\/www.champmarket.com\/it\/wp-json\/wp\/v2\/media?parent=52949"}],"wp:term":[{"taxonomy":"category","embeddable":true,"href":"https:\/\/www.champmarket.com\/it\/wp-json\/wp\/v2\/categories?post=52949"},{"taxonomy":"post_tag","embeddable":true,"href":"https:\/\/www.champmarket.com\/it\/wp-json\/wp\/v2\/tags?post=52949"}],"curies":[{"name":"wp","href":"https:\/\/api.w.org\/{rel}","templated":true}]}}