{"id":74247,"date":"2023-11-22T10:59:28","date_gmt":"2023-11-22T09:59:28","guid":{"rendered":"https:\/\/www.champmarket.com\/non-categorizzato\/cena-eccezionale-a-cura-di-anne-sophie-pic-krug-champagnes\/"},"modified":"2024-10-10T15:53:01","modified_gmt":"2024-10-10T13:53:01","slug":"cena-eccezionale-a-cura-di-anne-sophie-pic-krug-champagnes","status":"publish","type":"post","link":"https:\/\/www.champmarket.com\/it\/gastronomie-it\/cena-eccezionale-a-cura-di-anne-sophie-pic-krug-champagnes\/","title":{"rendered":"Cena eccezionale a cura di Anne-Sophie Pic &amp; Krug Champagnes"},"content":{"rendered":"\t\t<div data-elementor-type=\"wp-post\" data-elementor-id=\"74247\" class=\"elementor elementor-74247 elementor-61552\" data-elementor-post-type=\"post\">\n\t\t\t\t\t\t<section class=\"elementor-section elementor-top-section elementor-element elementor-element-280027fc elementor-section-boxed elementor-section-height-default elementor-section-height-default\" data-id=\"280027fc\" data-element_type=\"section\">\n\t\t\t\t\t\t<div class=\"elementor-container elementor-column-gap-default\">\n\t\t\t\t\t<div class=\"elementor-column elementor-col-100 elementor-top-column elementor-element elementor-element-ba1cf66\" data-id=\"ba1cf66\" data-element_type=\"column\">\n\t\t\t<div class=\"elementor-widget-wrap elementor-element-populated\">\n\t\t\t\t\t\t<div class=\"elementor-element elementor-element-34856a9b elementor-widget elementor-widget-text-editor\" data-id=\"34856a9b\" data-element_type=\"widget\" data-widget_type=\"text-editor.default\">\n\t\t\t\t<div class=\"elementor-widget-container\">\n\t\t\t\t\t\t\t\t\t<p>Il 14 dicembre, la chef Anne-Sophie Pic e Olivier Krug dell&#8217;omonima casa si uniranno per una cena eccezionale nell&#8217;ambiente intimo del Restaurant Pic*** di Valence.<br \/>\nNon dimenticare di prenotare il tuo tavolo. <\/p>\n\t\t\t\t\t\t\t\t<\/div>\n\t\t\t\t<\/div>\n\t\t\t\t\t<\/div>\n\t\t<\/div>\n\t\t\t\t\t<\/div>\n\t\t<\/section>\n\t\t\t\t<section class=\"elementor-section elementor-top-section elementor-element elementor-element-7326e9e1 elementor-section-boxed elementor-section-height-default elementor-section-height-default\" data-id=\"7326e9e1\" data-element_type=\"section\">\n\t\t\t\t\t\t<div class=\"elementor-container elementor-column-gap-default\">\n\t\t\t\t\t<div class=\"elementor-column elementor-col-50 elementor-top-column elementor-element elementor-element-2d9b2bb3\" data-id=\"2d9b2bb3\" data-element_type=\"column\">\n\t\t\t<div class=\"elementor-widget-wrap elementor-element-populated\">\n\t\t\t\t\t\t<div class=\"elementor-element elementor-element-1be92fc7 elementor-widget elementor-widget-heading\" data-id=\"1be92fc7\" data-element_type=\"widget\" data-widget_type=\"heading.default\">\n\t\t\t\t<div class=\"elementor-widget-container\">\n\t\t\t\t\t<h3 class=\"elementor-heading-title elementor-size-default\">Una cena eccezionale<\/h3>\t\t\t\t<\/div>\n\t\t\t\t<\/div>\n\t\t\t\t<div class=\"elementor-element elementor-element-d5ace5a elementor-widget elementor-widget-heading\" data-id=\"d5ace5a\" data-element_type=\"widget\" data-widget_type=\"heading.default\">\n\t\t\t\t<div class=\"elementor-widget-container\">\n\t\t\t\t\t<h3 class=\"elementor-heading-title elementor-size-default\">Ristorante Pic***<\/h3>\t\t\t\t<\/div>\n\t\t\t\t<\/div>\n\t\t\t\t<div class=\"elementor-element elementor-element-601a308d elementor-widget elementor-widget-text-editor\" data-id=\"601a308d\" data-element_type=\"widget\" data-widget_type=\"text-editor.default\">\n\t\t\t\t<div class=\"elementor-widget-container\">\n\t\t\t\t\t\t\t\t\t<p>Il Ristorante Pic*** di Valence ha stretto negli anni un forte legame con la maison di Champagne in qualit\u00e0 di Ambasciatore Krug.<br \/>\nArtigiani dei sapori, costantemente alla ricerca di aromi complessi, \u00e8 naturale che lo chef Anne-Sophie Pic e Olivier Krug dell&#8217;omonima casa uniscano le forze per un&#8217;eccezionale cena a base di cibo e abbinamenti con lo Champagne. <\/p>\n<p>La chef Anne-Sophie Pic, accompagnata dal capo sommelier Paz Levinson e dal capo sommelier Edmond Gasser, sveler\u00e0 il suo universo creativo attraverso un menu di sei sequenze in cui la rarit\u00e0, l&#8217;esclusivit\u00e0 e l&#8217;eccellenza sono i tratti distintivi di ciascuno dei piatti e degli champagne selezionati.<\/p>\n\t\t\t\t\t\t\t\t<\/div>\n\t\t\t\t<\/div>\n\t\t\t\t\t<\/div>\n\t\t<\/div>\n\t\t\t\t<div class=\"elementor-column elementor-col-50 elementor-top-column elementor-element elementor-element-57b8686a\" data-id=\"57b8686a\" data-element_type=\"column\">\n\t\t\t<div class=\"elementor-widget-wrap elementor-element-populated\">\n\t\t\t\t\t\t<div class=\"elementor-element elementor-element-6f650d00 elementor-widget elementor-widget-image\" data-id=\"6f650d00\" data-element_type=\"widget\" data-widget_type=\"image.default\">\n\t\t\t\t<div class=\"elementor-widget-container\">\n\t\t\t\t\t\t\t\t\t\t\t\t\t\t\t\t<a href=\"https:\/\/anne-sophie-pic.com\/\" target=\"_blank\">\n\t\t\t\t\t\t\t<img fetchpriority=\"high\" decoding=\"async\" width=\"640\" height=\"640\" src=\"https:\/\/www.champmarket.com\/wp-content\/uploads\/2023\/11\/vignette-article-magazine-champmarket-diner-anne-sophie-pic-cuisine-1024x1024.webp\" class=\"attachment-large size-large wp-image-61595\" alt=\"D\u00eener accords Anne-Sophie PIC et Champagne Krug - Champmarket\" srcset=\"https:\/\/www.champmarket.com\/wp-content\/uploads\/2023\/11\/vignette-article-magazine-champmarket-diner-anne-sophie-pic-cuisine-1024x1024.webp 1024w, https:\/\/www.champmarket.com\/wp-content\/uploads\/2023\/11\/vignette-article-magazine-champmarket-diner-anne-sophie-pic-cuisine-500x500.webp 500w, https:\/\/www.champmarket.com\/wp-content\/uploads\/2023\/11\/vignette-article-magazine-champmarket-diner-anne-sophie-pic-cuisine-600x600.webp 600w, https:\/\/www.champmarket.com\/wp-content\/uploads\/2023\/11\/vignette-article-magazine-champmarket-diner-anne-sophie-pic-cuisine-700x700.webp 700w, https:\/\/www.champmarket.com\/wp-content\/uploads\/2023\/11\/vignette-article-magazine-champmarket-diner-anne-sophie-pic-cuisine-64x64.webp 64w, https:\/\/www.champmarket.com\/wp-content\/uploads\/2023\/11\/vignette-article-magazine-champmarket-diner-anne-sophie-pic-cuisine-300x300.webp 300w, https:\/\/www.champmarket.com\/wp-content\/uploads\/2023\/11\/vignette-article-magazine-champmarket-diner-anne-sophie-pic-cuisine-150x150.webp 150w, https:\/\/www.champmarket.com\/wp-content\/uploads\/2023\/11\/vignette-article-magazine-champmarket-diner-anne-sophie-pic-cuisine-768x768.webp 768w, https:\/\/www.champmarket.com\/wp-content\/uploads\/2023\/11\/vignette-article-magazine-champmarket-diner-anne-sophie-pic-cuisine.webp 1200w\" sizes=\"(max-width: 640px) 100vw, 640px\" \/>\t\t\t\t\t\t\t\t<\/a>\n\t\t\t\t\t\t\t\t\t\t\t\t\t\t\t<\/div>\n\t\t\t\t<\/div>\n\t\t\t\t\t<\/div>\n\t\t<\/div>\n\t\t\t\t\t<\/div>\n\t\t<\/section>\n\t\t\t\t<section class=\"elementor-section elementor-top-section elementor-element elementor-element-71af25fd elementor-section-boxed elementor-section-height-default elementor-section-height-default\" data-id=\"71af25fd\" data-element_type=\"section\">\n\t\t\t\t\t\t<div class=\"elementor-container elementor-column-gap-default\">\n\t\t\t\t\t<div class=\"elementor-column elementor-col-100 elementor-top-column elementor-element elementor-element-44f4dacf\" data-id=\"44f4dacf\" data-element_type=\"column\">\n\t\t\t<div class=\"elementor-widget-wrap elementor-element-populated\">\n\t\t\t\t\t\t<div class=\"elementor-element elementor-element-70c9f45 elementor-widget elementor-widget-text-editor\" data-id=\"70c9f45\" data-element_type=\"widget\" data-widget_type=\"text-editor.default\">\n\t\t\t\t<div class=\"elementor-widget-container\">\n\t\t\t\t\t\t\t\t\t<p><strong>PROGRAMMA SERALE<\/strong><\/p>\n<p>19:00 &#8211; Discorso di Olivier Krug e della chef Anne-Sophie Pic seguito da un aperitivo musicale &#8220;Krug &amp; Music&#8221;.<\/p>\n<p>Ore 20:00 &#8211; Cena di 6 portate con Paz Levinson, Executive Head Sommelier del Pic Group e Edmond Gasser, Head Sommelier della Maison Pic.<\/p>\n\t\t\t\t\t\t\t\t<\/div>\n\t\t\t\t<\/div>\n\t\t\t\t\t<\/div>\n\t\t<\/div>\n\t\t\t\t\t<\/div>\n\t\t<\/section>\n\t\t\t\t<section class=\"elementor-section elementor-top-section elementor-element elementor-element-6b547ee4 elementor-section-boxed elementor-section-height-default elementor-section-height-default\" data-id=\"6b547ee4\" data-element_type=\"section\">\n\t\t\t\t\t\t<div class=\"elementor-container elementor-column-gap-default\">\n\t\t\t\t\t<div class=\"elementor-column elementor-col-50 elementor-top-column elementor-element elementor-element-5a622ef0\" data-id=\"5a622ef0\" data-element_type=\"column\">\n\t\t\t<div class=\"elementor-widget-wrap elementor-element-populated\">\n\t\t\t\t\t\t<div class=\"elementor-element elementor-element-44ab2b8b elementor-widget elementor-widget-image\" data-id=\"44ab2b8b\" data-element_type=\"widget\" data-widget_type=\"image.default\">\n\t\t\t\t<div class=\"elementor-widget-container\">\n\t\t\t\t\t\t\t\t\t\t\t\t\t\t\t\t<a href=\"\/maisons\/selection-champagne-krug\/\">\n\t\t\t\t\t\t\t<img decoding=\"async\" width=\"640\" height=\"640\" src=\"https:\/\/www.champmarket.com\/wp-content\/uploads\/2023\/07\/vignette-page-maisons-champmarket-krug.webp\" class=\"attachment-large size-large wp-image-54748\" alt=\"Drappier Carte d&#039;Or e-store - Champmarket\" srcset=\"https:\/\/www.champmarket.com\/wp-content\/uploads\/2023\/07\/vignette-page-maisons-champmarket-krug.webp 800w, https:\/\/www.champmarket.com\/wp-content\/uploads\/2023\/07\/vignette-page-maisons-champmarket-krug-500x500.webp 500w, https:\/\/www.champmarket.com\/wp-content\/uploads\/2023\/07\/vignette-page-maisons-champmarket-krug-600x600.webp 600w, https:\/\/www.champmarket.com\/wp-content\/uploads\/2023\/07\/vignette-page-maisons-champmarket-krug-700x700.webp 700w, https:\/\/www.champmarket.com\/wp-content\/uploads\/2023\/07\/vignette-page-maisons-champmarket-krug-64x64.webp 64w, https:\/\/www.champmarket.com\/wp-content\/uploads\/2023\/07\/vignette-page-maisons-champmarket-krug-300x300.jpg 300w, https:\/\/www.champmarket.com\/wp-content\/uploads\/2023\/07\/vignette-page-maisons-champmarket-krug-150x150.jpg 150w, https:\/\/www.champmarket.com\/wp-content\/uploads\/2023\/07\/vignette-page-maisons-champmarket-krug-768x768.jpg 768w\" sizes=\"(max-width: 640px) 100vw, 640px\" \/>\t\t\t\t\t\t\t\t<\/a>\n\t\t\t\t\t\t\t\t\t\t\t\t\t\t\t<\/div>\n\t\t\t\t<\/div>\n\t\t\t\t\t<\/div>\n\t\t<\/div>\n\t\t\t\t<div class=\"elementor-column elementor-col-50 elementor-top-column elementor-element elementor-element-33dae9dc\" data-id=\"33dae9dc\" data-element_type=\"column\">\n\t\t\t<div class=\"elementor-widget-wrap elementor-element-populated\">\n\t\t\t\t\t\t<div class=\"elementor-element elementor-element-241d3a22 elementor-widget elementor-widget-heading\" data-id=\"241d3a22\" data-element_type=\"widget\" data-widget_type=\"heading.default\">\n\t\t\t\t<div class=\"elementor-widget-container\">\n\t\t\t\t\t<h3 class=\"elementor-heading-title elementor-size-default\">Dal 1843<\/h3>\t\t\t\t<\/div>\n\t\t\t\t<\/div>\n\t\t\t\t<div class=\"elementor-element elementor-element-4c719546 elementor-widget elementor-widget-heading\" data-id=\"4c719546\" data-element_type=\"widget\" data-widget_type=\"heading.default\">\n\t\t\t\t<div class=\"elementor-widget-container\">\n\t\t\t\t\t<h3 class=\"elementor-heading-title elementor-size-default\">Casa Krug<\/h3>\t\t\t\t<\/div>\n\t\t\t\t<\/div>\n\t\t\t\t<div class=\"elementor-element elementor-element-377b7bf1 elementor-widget elementor-widget-text-editor\" data-id=\"377b7bf1\" data-element_type=\"widget\" data-widget_type=\"text-editor.default\">\n\t\t\t\t<div class=\"elementor-widget-container\">\n\t\t\t\t\t\t\t\t\t<p>Krug \u00e8 una casa di Champagne visionaria, con una notevole esperienza iniziata 150 anni fa nella regione della Champagne, che produce vini di Champagne unici, dove l&#8217;individualit\u00e0 di ogni appezzamento viene esplorata con coraggio e dove i Vintage vengono assemblati per produrre le cuv\u00e9es pi\u00f9 raffinate.<\/p>\n\t\t\t\t\t\t\t\t<\/div>\n\t\t\t\t<\/div>\n\t\t\t\t\t<\/div>\n\t\t<\/div>\n\t\t\t\t\t<\/div>\n\t\t<\/section>\n\t\t\t\t<section class=\"elementor-section elementor-top-section elementor-element elementor-element-543a236 elementor-section-boxed elementor-section-height-default elementor-section-height-default\" data-id=\"543a236\" data-element_type=\"section\">\n\t\t\t\t\t\t<div class=\"elementor-container elementor-column-gap-default\">\n\t\t\t\t\t<div class=\"elementor-column elementor-col-100 elementor-top-column elementor-element elementor-element-db91ba9\" data-id=\"db91ba9\" data-element_type=\"column\">\n\t\t\t<div class=\"elementor-widget-wrap elementor-element-populated\">\n\t\t\t\t\t\t<div class=\"elementor-element elementor-element-4101639 elementor-widget elementor-widget-text-editor\" data-id=\"4101639\" data-element_type=\"widget\" data-widget_type=\"text-editor.default\">\n\t\t\t\t<div class=\"elementor-widget-container\">\n\t\t\t\t\t\t\t\t\t<p><strong>Unisciti a noi il 14 dicembre alle 19:00 per scoprire l&#8217;ovvio incontro di queste due prestigiose case.<\/strong><\/p>\n<p><strong>Le prenotazioni devono essere effettuate per telefono al numero 04 75 44 15 32 <\/strong><strong>o via e-mail a <span style=\"text-decoration: underline;\"><a href=\"mailto:contact@pic-valence.com\" target=\"_blank\" rel=\"noopener\">contact@pic-valence.com<\/a><\/span><\/strong><\/p>\n<p><strong>Prezzo:<\/strong> \u20ac1.200 \/ persona<\/p>\n<p><strong>Indirizzo:<\/strong> Restaurant Anne-Sophie Pic*** &#8211; 285, avenue Victor Hugo &#8211; 26 000 Valence<\/p>\n\t\t\t\t\t\t\t\t<\/div>\n\t\t\t\t<\/div>\n\t\t\t\t\t<\/div>\n\t\t<\/div>\n\t\t\t\t\t<\/div>\n\t\t<\/section>\n\t\t\t\t<section class=\"elementor-section elementor-top-section elementor-element elementor-element-559c723f elementor-section-boxed elementor-section-height-default elementor-section-height-default\" data-id=\"559c723f\" data-element_type=\"section\">\n\t\t\t\t\t\t<div class=\"elementor-container elementor-column-gap-default\">\n\t\t\t\t\t<div class=\"elementor-column elementor-col-100 elementor-top-column elementor-element elementor-element-9a0ac92\" data-id=\"9a0ac92\" data-element_type=\"column\">\n\t\t\t<div class=\"elementor-widget-wrap elementor-element-populated\">\n\t\t\t\t\t\t<div class=\"elementor-element elementor-element-1d5dfbeb elementor-widget elementor-widget-text-editor\" data-id=\"1d5dfbeb\" data-element_type=\"widget\" data-widget_type=\"text-editor.default\">\n\t\t\t\t<div class=\"elementor-widget-container\">\n\t\t\t\t\t\t\t\t\t<p><span style=\"text-decoration: underline;\">Scopri di pi\u00f9 su Anne-Sophie PIC, l&#8217;espressione dell&#8217;audacia:<\/span><\/p>\n<p>Anne-Sophie PIC non si \u00e8 mai immaginata come chef e ha deciso di frequentare la scuola di economia.<br \/>\nHa rilevato il ristorante nel 1997 e nel 2007 ha ottenuto le 3 stelle Michelin. <\/p>\n<p>Anne-Sophie PIC ha seguito le orme degli chef di famiglia per offrire una cucina moderna.<br \/>\nCombinazioni di sapori, gusti forti ed espressioni delicate sono le caratteristiche delle sue creazioni, come i berlingot con formaggio di capra di Banon e la millefoglie bianca. <\/p>\n<p>Insieme al marito David Sinapian, ha sviluppato il Gruppo PIC con la creazione della scuola di cucina SCOOK a Valence (2008), del ristorante Anne-Sophie Pic al Beau-Rivage Palace di Losanna nel 2009 (2 stelle), della \u00c9PICerie Fine a Valence (2010), della Dame de Pic a Parigi (1 stella), del Daily Pic (le verrine gourmet di Anne-Sophie Pic &#8211; 2014 e 2018), del ristorante Andr\u00e9 (2016).<br \/>\nla Dame de Pic a Londra (2 stelle &#8211; 2017), la Dame de Pic &#8211; le 1920 a Meg\u00e8ve (1 stella &#8211; 2021), la Dame de Pic Singapore (1 stella &#8211; 2019). <\/p>\n\t\t\t\t\t\t\t\t<\/div>\n\t\t\t\t<\/div>\n\t\t\t\t\t<\/div>\n\t\t<\/div>\n\t\t\t\t\t<\/div>\n\t\t<\/section>\n\t\t\t\t<section class=\"elementor-section elementor-top-section elementor-element elementor-element-7397f0bf elementor-section-boxed elementor-section-height-default elementor-section-height-default\" data-id=\"7397f0bf\" data-element_type=\"section\">\n\t\t\t\t\t\t<div class=\"elementor-container elementor-column-gap-default\">\n\t\t\t\t\t<div class=\"elementor-column elementor-col-100 elementor-top-column elementor-element elementor-element-1ddcc3cc\" data-id=\"1ddcc3cc\" data-element_type=\"column\">\n\t\t\t<div class=\"elementor-widget-wrap elementor-element-populated\">\n\t\t\t\t\t\t<div class=\"elementor-element elementor-element-6c15affe elementor-widget elementor-widget-text-editor\" data-id=\"6c15affe\" data-element_type=\"widget\" data-widget_type=\"text-editor.default\">\n\t\t\t\t<div class=\"elementor-widget-container\">\n\t\t\t\t\t\t\t\t\t<p><em>Fonte : <a href=\"https:\/\/www.champmarket.com\/it\/maisons\/selection-champagne-krug-it\/\" target=\"_blank\" rel=\"noopener\">Champagne Krug<\/a><\/em><\/p>\n\t\t\t\t\t\t\t\t<\/div>\n\t\t\t\t<\/div>\n\t\t\t\t\t<\/div>\n\t\t<\/div>\n\t\t\t\t\t<\/div>\n\t\t<\/section>\n\t\t\t\t<\/div>\n\t\t","protected":false},"excerpt":{"rendered":"<p>Il 14 dicembre, la chef Anne-Sophie Pic e Olivier Krug dell&#8217;omonima casa si uniranno per una cena eccezionale nell&#8217;ambiente intimo del Restaurant Pic*** di Valence.<br \/>\nNon dimenticare di prenotare il tuo tavolo. <\/p>\n","protected":false},"author":2,"featured_media":61633,"comment_status":"closed","ping_status":"closed","sticky":false,"template":"","format":"standard","meta":{"_acf_changed":false,"footnotes":""},"categories":[2431],"tags":[2437,2540,2572],"class_list":["post-74247","post","type-post","status-publish","format-standard","has-post-thumbnail","hentry","category-gastronomie-it","tag-accord-parfait-it","tag-gastronomie-it","tag-krug-it"],"acf":[],"yoast_head":"<!-- This site is optimized with the Yoast SEO plugin v26.4 - https:\/\/yoast.com\/wordpress\/plugins\/seo\/ -->\n<title>Cena eccezionale a cura di Anne-Sophie Pic &amp; Krug Champagnes - Magazine Champagne - Champmarket<\/title>\n<meta name=\"description\" content=\"Il 14 dicembre, la chef Anne-Sophie Pic e Olivier Krug dell&#039;omonima casa si uniranno per una cena eccezionale nell&#039;ambiente intimo del Restaurant Pic*** di Valence. Non dimenticare di prenotare il tuo tavolo.\" \/>\n<meta name=\"robots\" content=\"index, follow, max-snippet:-1, max-image-preview:large, max-video-preview:-1\" \/>\n<link rel=\"canonical\" href=\"https:\/\/www.champmarket.com\/it\/gastronomie-it\/cena-eccezionale-a-cura-di-anne-sophie-pic-krug-champagnes\/\" \/>\n<meta property=\"og:locale\" content=\"it_IT\" \/>\n<meta property=\"og:type\" content=\"article\" \/>\n<meta property=\"og:title\" content=\"Cena eccezionale a cura di Anne-Sophie Pic &amp; Krug Champagnes - Magazine Champagne - Champmarket\" \/>\n<meta property=\"og:description\" content=\"Il 14 dicembre, la chef Anne-Sophie Pic e Olivier Krug dell&#039;omonima casa si uniranno per una cena eccezionale nell&#039;ambiente intimo del Restaurant Pic*** di Valence. Non dimenticare di prenotare il tuo tavolo.\" \/>\n<meta property=\"og:url\" content=\"https:\/\/www.champmarket.com\/it\/gastronomie-it\/cena-eccezionale-a-cura-di-anne-sophie-pic-krug-champagnes\/\" \/>\n<meta property=\"og:site_name\" content=\"Champmarket\" \/>\n<meta property=\"article:publisher\" content=\"https:\/\/www.facebook.com\/ChampMarket\/\" \/>\n<meta property=\"article:published_time\" content=\"2023-11-22T09:59:28+00:00\" \/>\n<meta property=\"article:modified_time\" content=\"2024-10-10T13:53:01+00:00\" \/>\n<meta property=\"og:image\" content=\"https:\/\/www.champmarket.com\/wp-content\/uploads\/2023\/11\/visuel-header-article-magazine-diner-anne-sophie-pic-krug.webp\" \/>\n\t<meta property=\"og:image:width\" content=\"888\" \/>\n\t<meta property=\"og:image:height\" content=\"492\" \/>\n\t<meta property=\"og:image:type\" content=\"image\/webp\" \/>\n<meta name=\"author\" content=\"Marine Molin\" \/>\n<meta name=\"twitter:card\" content=\"summary_large_image\" \/>\n<meta name=\"twitter:creator\" content=\"@champmarket\" \/>\n<meta name=\"twitter:site\" content=\"@champmarket\" \/>\n<meta name=\"twitter:label1\" content=\"Scritto da\" \/>\n\t<meta name=\"twitter:data1\" content=\"Marine Molin\" \/>\n\t<meta name=\"twitter:label2\" content=\"Tempo di lettura stimato\" \/>\n\t<meta name=\"twitter:data2\" content=\"2 minuti\" \/>\n<script type=\"application\/ld+json\" class=\"yoast-schema-graph\">{\"@context\":\"https:\/\/schema.org\",\"@graph\":[{\"@type\":\"Article\",\"@id\":\"https:\/\/www.champmarket.com\/it\/gastronomie-it\/cena-eccezionale-a-cura-di-anne-sophie-pic-krug-champagnes\/#article\",\"isPartOf\":{\"@id\":\"https:\/\/www.champmarket.com\/it\/gastronomie-it\/cena-eccezionale-a-cura-di-anne-sophie-pic-krug-champagnes\/\"},\"author\":{\"name\":\"Marine Molin\",\"@id\":\"https:\/\/www.champmarket.com\/#\/schema\/person\/978de2fc1d304836a9b224d70e03b974\"},\"headline\":\"Cena eccezionale a cura di Anne-Sophie Pic &amp; Krug Champagnes\",\"datePublished\":\"2023-11-22T09:59:28+00:00\",\"dateModified\":\"2024-10-10T13:53:01+00:00\",\"mainEntityOfPage\":{\"@id\":\"https:\/\/www.champmarket.com\/it\/gastronomie-it\/cena-eccezionale-a-cura-di-anne-sophie-pic-krug-champagnes\/\"},\"wordCount\":457,\"publisher\":{\"@id\":\"https:\/\/www.champmarket.com\/#organization\"},\"image\":{\"@id\":\"https:\/\/www.champmarket.com\/it\/gastronomie-it\/cena-eccezionale-a-cura-di-anne-sophie-pic-krug-champagnes\/#primaryimage\"},\"thumbnailUrl\":\"https:\/\/www.champmarket.com\/wp-content\/uploads\/2023\/11\/visuel-header-article-magazine-diner-anne-sophie-pic-krug.webp\",\"keywords\":[\"Accordo perfetto\",\"Gastronomia\",\"Krug\"],\"articleSection\":[\"Matrimoni culinari\"],\"inLanguage\":\"it-IT\"},{\"@type\":\"WebPage\",\"@id\":\"https:\/\/www.champmarket.com\/it\/gastronomie-it\/cena-eccezionale-a-cura-di-anne-sophie-pic-krug-champagnes\/\",\"url\":\"https:\/\/www.champmarket.com\/it\/gastronomie-it\/cena-eccezionale-a-cura-di-anne-sophie-pic-krug-champagnes\/\",\"name\":\"Cena eccezionale a cura di Anne-Sophie Pic &amp; Krug Champagnes - Magazine Champagne - Champmarket\",\"isPartOf\":{\"@id\":\"https:\/\/www.champmarket.com\/#website\"},\"primaryImageOfPage\":{\"@id\":\"https:\/\/www.champmarket.com\/it\/gastronomie-it\/cena-eccezionale-a-cura-di-anne-sophie-pic-krug-champagnes\/#primaryimage\"},\"image\":{\"@id\":\"https:\/\/www.champmarket.com\/it\/gastronomie-it\/cena-eccezionale-a-cura-di-anne-sophie-pic-krug-champagnes\/#primaryimage\"},\"thumbnailUrl\":\"https:\/\/www.champmarket.com\/wp-content\/uploads\/2023\/11\/visuel-header-article-magazine-diner-anne-sophie-pic-krug.webp\",\"datePublished\":\"2023-11-22T09:59:28+00:00\",\"dateModified\":\"2024-10-10T13:53:01+00:00\",\"description\":\"Il 14 dicembre, la chef Anne-Sophie Pic e Olivier Krug dell'omonima casa si uniranno per una cena eccezionale nell'ambiente intimo del Restaurant Pic*** di Valence. Non dimenticare di prenotare il tuo tavolo.\",\"breadcrumb\":{\"@id\":\"https:\/\/www.champmarket.com\/it\/gastronomie-it\/cena-eccezionale-a-cura-di-anne-sophie-pic-krug-champagnes\/#breadcrumb\"},\"inLanguage\":\"it-IT\",\"potentialAction\":[{\"@type\":\"ReadAction\",\"target\":[\"https:\/\/www.champmarket.com\/it\/gastronomie-it\/cena-eccezionale-a-cura-di-anne-sophie-pic-krug-champagnes\/\"]}]},{\"@type\":\"ImageObject\",\"inLanguage\":\"it-IT\",\"@id\":\"https:\/\/www.champmarket.com\/it\/gastronomie-it\/cena-eccezionale-a-cura-di-anne-sophie-pic-krug-champagnes\/#primaryimage\",\"url\":\"https:\/\/www.champmarket.com\/wp-content\/uploads\/2023\/11\/visuel-header-article-magazine-diner-anne-sophie-pic-krug.webp\",\"contentUrl\":\"https:\/\/www.champmarket.com\/wp-content\/uploads\/2023\/11\/visuel-header-article-magazine-diner-anne-sophie-pic-krug.webp\",\"width\":888,\"height\":492,\"caption\":\"D\u00eener d'exception par Anne-Sophie Pic & Champagnes Krug - Magazine Champmarket\"},{\"@type\":\"BreadcrumbList\",\"@id\":\"https:\/\/www.champmarket.com\/it\/gastronomie-it\/cena-eccezionale-a-cura-di-anne-sophie-pic-krug-champagnes\/#breadcrumb\",\"itemListElement\":[{\"@type\":\"ListItem\",\"position\":1,\"name\":\"Home\",\"item\":\"https:\/\/www.champmarket.com\/it\/acquista-champagne-online-champmarket\/\"},{\"@type\":\"ListItem\",\"position\":2,\"name\":\"Cena eccezionale a cura di Anne-Sophie Pic &amp; Krug Champagnes\"}]},{\"@type\":\"WebSite\",\"@id\":\"https:\/\/www.champmarket.com\/#website\",\"url\":\"https:\/\/www.champmarket.com\/\",\"name\":\"Champmarket\",\"description\":\"Champmarket, Champagnes, Cadeaux et Art de Vivre\",\"publisher\":{\"@id\":\"https:\/\/www.champmarket.com\/#organization\"},\"potentialAction\":[{\"@type\":\"SearchAction\",\"target\":{\"@type\":\"EntryPoint\",\"urlTemplate\":\"https:\/\/www.champmarket.com\/?s={search_term_string}\"},\"query-input\":{\"@type\":\"PropertyValueSpecification\",\"valueRequired\":true,\"valueName\":\"search_term_string\"}}],\"inLanguage\":\"it-IT\"},{\"@type\":\"Organization\",\"@id\":\"https:\/\/www.champmarket.com\/#organization\",\"name\":\"Champmarket\",\"url\":\"https:\/\/www.champmarket.com\/\",\"logo\":{\"@type\":\"ImageObject\",\"inLanguage\":\"it-IT\",\"@id\":\"https:\/\/www.champmarket.com\/#\/schema\/logo\/image\/\",\"url\":\"https:\/\/www.champmarket.com\/wp-content\/uploads\/2024\/08\/logo2024-1.svg\",\"contentUrl\":\"https:\/\/www.champmarket.com\/wp-content\/uploads\/2024\/08\/logo2024-1.svg\",\"width\":579.8,\"height\":80,\"caption\":\"Champmarket\"},\"image\":{\"@id\":\"https:\/\/www.champmarket.com\/#\/schema\/logo\/image\/\"},\"sameAs\":[\"https:\/\/www.facebook.com\/ChampMarket\/\",\"https:\/\/x.com\/champmarket\",\"https:\/\/www.instagram.com\/champmarket.paris\/\",\"https:\/\/www.pinterest.fr\/champmarketparis\/\",\"https:\/\/www.linkedin.com\/company\/champmarket\/\"]},{\"@type\":\"Person\",\"@id\":\"https:\/\/www.champmarket.com\/#\/schema\/person\/978de2fc1d304836a9b224d70e03b974\",\"name\":\"Marine Molin\",\"url\":\"https:\/\/www.champmarket.com\/it\/author\/marine\/\"}]}<\/script>\n<!-- \/ Yoast SEO plugin. -->","yoast_head_json":{"title":"Cena eccezionale a cura di Anne-Sophie Pic &amp; Krug Champagnes - Magazine Champagne - Champmarket","description":"Il 14 dicembre, la chef Anne-Sophie Pic e Olivier Krug dell'omonima casa si uniranno per una cena eccezionale nell'ambiente intimo del Restaurant Pic*** di Valence. Non dimenticare di prenotare il tuo tavolo.","robots":{"index":"index","follow":"follow","max-snippet":"max-snippet:-1","max-image-preview":"max-image-preview:large","max-video-preview":"max-video-preview:-1"},"canonical":"https:\/\/www.champmarket.com\/it\/gastronomie-it\/cena-eccezionale-a-cura-di-anne-sophie-pic-krug-champagnes\/","og_locale":"it_IT","og_type":"article","og_title":"Cena eccezionale a cura di Anne-Sophie Pic &amp; Krug Champagnes - Magazine Champagne - Champmarket","og_description":"Il 14 dicembre, la chef Anne-Sophie Pic e Olivier Krug dell'omonima casa si uniranno per una cena eccezionale nell'ambiente intimo del Restaurant Pic*** di Valence. Non dimenticare di prenotare il tuo tavolo.","og_url":"https:\/\/www.champmarket.com\/it\/gastronomie-it\/cena-eccezionale-a-cura-di-anne-sophie-pic-krug-champagnes\/","og_site_name":"Champmarket","article_publisher":"https:\/\/www.facebook.com\/ChampMarket\/","article_published_time":"2023-11-22T09:59:28+00:00","article_modified_time":"2024-10-10T13:53:01+00:00","og_image":[{"width":888,"height":492,"url":"https:\/\/www.champmarket.com\/wp-content\/uploads\/2023\/11\/visuel-header-article-magazine-diner-anne-sophie-pic-krug.webp","type":"image\/webp"}],"author":"Marine Molin","twitter_card":"summary_large_image","twitter_creator":"@champmarket","twitter_site":"@champmarket","twitter_misc":{"Scritto da":"Marine Molin","Tempo di lettura stimato":"2 minuti"},"schema":{"@context":"https:\/\/schema.org","@graph":[{"@type":"Article","@id":"https:\/\/www.champmarket.com\/it\/gastronomie-it\/cena-eccezionale-a-cura-di-anne-sophie-pic-krug-champagnes\/#article","isPartOf":{"@id":"https:\/\/www.champmarket.com\/it\/gastronomie-it\/cena-eccezionale-a-cura-di-anne-sophie-pic-krug-champagnes\/"},"author":{"name":"Marine Molin","@id":"https:\/\/www.champmarket.com\/#\/schema\/person\/978de2fc1d304836a9b224d70e03b974"},"headline":"Cena eccezionale a cura di Anne-Sophie Pic &amp; Krug Champagnes","datePublished":"2023-11-22T09:59:28+00:00","dateModified":"2024-10-10T13:53:01+00:00","mainEntityOfPage":{"@id":"https:\/\/www.champmarket.com\/it\/gastronomie-it\/cena-eccezionale-a-cura-di-anne-sophie-pic-krug-champagnes\/"},"wordCount":457,"publisher":{"@id":"https:\/\/www.champmarket.com\/#organization"},"image":{"@id":"https:\/\/www.champmarket.com\/it\/gastronomie-it\/cena-eccezionale-a-cura-di-anne-sophie-pic-krug-champagnes\/#primaryimage"},"thumbnailUrl":"https:\/\/www.champmarket.com\/wp-content\/uploads\/2023\/11\/visuel-header-article-magazine-diner-anne-sophie-pic-krug.webp","keywords":["Accordo perfetto","Gastronomia","Krug"],"articleSection":["Matrimoni culinari"],"inLanguage":"it-IT"},{"@type":"WebPage","@id":"https:\/\/www.champmarket.com\/it\/gastronomie-it\/cena-eccezionale-a-cura-di-anne-sophie-pic-krug-champagnes\/","url":"https:\/\/www.champmarket.com\/it\/gastronomie-it\/cena-eccezionale-a-cura-di-anne-sophie-pic-krug-champagnes\/","name":"Cena eccezionale a cura di Anne-Sophie Pic &amp; Krug Champagnes - Magazine Champagne - Champmarket","isPartOf":{"@id":"https:\/\/www.champmarket.com\/#website"},"primaryImageOfPage":{"@id":"https:\/\/www.champmarket.com\/it\/gastronomie-it\/cena-eccezionale-a-cura-di-anne-sophie-pic-krug-champagnes\/#primaryimage"},"image":{"@id":"https:\/\/www.champmarket.com\/it\/gastronomie-it\/cena-eccezionale-a-cura-di-anne-sophie-pic-krug-champagnes\/#primaryimage"},"thumbnailUrl":"https:\/\/www.champmarket.com\/wp-content\/uploads\/2023\/11\/visuel-header-article-magazine-diner-anne-sophie-pic-krug.webp","datePublished":"2023-11-22T09:59:28+00:00","dateModified":"2024-10-10T13:53:01+00:00","description":"Il 14 dicembre, la chef Anne-Sophie Pic e Olivier Krug dell'omonima casa si uniranno per una cena eccezionale nell'ambiente intimo del Restaurant Pic*** di Valence. Non dimenticare di prenotare il tuo tavolo.","breadcrumb":{"@id":"https:\/\/www.champmarket.com\/it\/gastronomie-it\/cena-eccezionale-a-cura-di-anne-sophie-pic-krug-champagnes\/#breadcrumb"},"inLanguage":"it-IT","potentialAction":[{"@type":"ReadAction","target":["https:\/\/www.champmarket.com\/it\/gastronomie-it\/cena-eccezionale-a-cura-di-anne-sophie-pic-krug-champagnes\/"]}]},{"@type":"ImageObject","inLanguage":"it-IT","@id":"https:\/\/www.champmarket.com\/it\/gastronomie-it\/cena-eccezionale-a-cura-di-anne-sophie-pic-krug-champagnes\/#primaryimage","url":"https:\/\/www.champmarket.com\/wp-content\/uploads\/2023\/11\/visuel-header-article-magazine-diner-anne-sophie-pic-krug.webp","contentUrl":"https:\/\/www.champmarket.com\/wp-content\/uploads\/2023\/11\/visuel-header-article-magazine-diner-anne-sophie-pic-krug.webp","width":888,"height":492,"caption":"D\u00eener d'exception par Anne-Sophie Pic & Champagnes Krug - Magazine Champmarket"},{"@type":"BreadcrumbList","@id":"https:\/\/www.champmarket.com\/it\/gastronomie-it\/cena-eccezionale-a-cura-di-anne-sophie-pic-krug-champagnes\/#breadcrumb","itemListElement":[{"@type":"ListItem","position":1,"name":"Home","item":"https:\/\/www.champmarket.com\/it\/acquista-champagne-online-champmarket\/"},{"@type":"ListItem","position":2,"name":"Cena eccezionale a cura di Anne-Sophie Pic &amp; Krug Champagnes"}]},{"@type":"WebSite","@id":"https:\/\/www.champmarket.com\/#website","url":"https:\/\/www.champmarket.com\/","name":"Champmarket","description":"Champmarket, Champagnes, Cadeaux et Art de Vivre","publisher":{"@id":"https:\/\/www.champmarket.com\/#organization"},"potentialAction":[{"@type":"SearchAction","target":{"@type":"EntryPoint","urlTemplate":"https:\/\/www.champmarket.com\/?s={search_term_string}"},"query-input":{"@type":"PropertyValueSpecification","valueRequired":true,"valueName":"search_term_string"}}],"inLanguage":"it-IT"},{"@type":"Organization","@id":"https:\/\/www.champmarket.com\/#organization","name":"Champmarket","url":"https:\/\/www.champmarket.com\/","logo":{"@type":"ImageObject","inLanguage":"it-IT","@id":"https:\/\/www.champmarket.com\/#\/schema\/logo\/image\/","url":"https:\/\/www.champmarket.com\/wp-content\/uploads\/2024\/08\/logo2024-1.svg","contentUrl":"https:\/\/www.champmarket.com\/wp-content\/uploads\/2024\/08\/logo2024-1.svg","width":579.8,"height":80,"caption":"Champmarket"},"image":{"@id":"https:\/\/www.champmarket.com\/#\/schema\/logo\/image\/"},"sameAs":["https:\/\/www.facebook.com\/ChampMarket\/","https:\/\/x.com\/champmarket","https:\/\/www.instagram.com\/champmarket.paris\/","https:\/\/www.pinterest.fr\/champmarketparis\/","https:\/\/www.linkedin.com\/company\/champmarket\/"]},{"@type":"Person","@id":"https:\/\/www.champmarket.com\/#\/schema\/person\/978de2fc1d304836a9b224d70e03b974","name":"Marine Molin","url":"https:\/\/www.champmarket.com\/it\/author\/marine\/"}]}},"_links":{"self":[{"href":"https:\/\/www.champmarket.com\/it\/wp-json\/wp\/v2\/posts\/74247","targetHints":{"allow":["GET"]}}],"collection":[{"href":"https:\/\/www.champmarket.com\/it\/wp-json\/wp\/v2\/posts"}],"about":[{"href":"https:\/\/www.champmarket.com\/it\/wp-json\/wp\/v2\/types\/post"}],"author":[{"embeddable":true,"href":"https:\/\/www.champmarket.com\/it\/wp-json\/wp\/v2\/users\/2"}],"replies":[{"embeddable":true,"href":"https:\/\/www.champmarket.com\/it\/wp-json\/wp\/v2\/comments?post=74247"}],"version-history":[{"count":1,"href":"https:\/\/www.champmarket.com\/it\/wp-json\/wp\/v2\/posts\/74247\/revisions"}],"predecessor-version":[{"id":74248,"href":"https:\/\/www.champmarket.com\/it\/wp-json\/wp\/v2\/posts\/74247\/revisions\/74248"}],"wp:featuredmedia":[{"embeddable":true,"href":"https:\/\/www.champmarket.com\/it\/wp-json\/wp\/v2\/media\/61633"}],"wp:attachment":[{"href":"https:\/\/www.champmarket.com\/it\/wp-json\/wp\/v2\/media?parent=74247"}],"wp:term":[{"taxonomy":"category","embeddable":true,"href":"https:\/\/www.champmarket.com\/it\/wp-json\/wp\/v2\/categories?post=74247"},{"taxonomy":"post_tag","embeddable":true,"href":"https:\/\/www.champmarket.com\/it\/wp-json\/wp\/v2\/tags?post=74247"}],"curies":[{"name":"wp","href":"https:\/\/api.w.org\/{rel}","templated":true}]}}