{"id":52634,"date":"2019-05-07T14:07:14","date_gmt":"2019-05-07T12:07:14","guid":{"rendered":"https:\/\/www.champmarket.com\/ongeclassificeerd\/nog-2-dagen-te-gaan-voor-het-taste-of-paris-festival\/"},"modified":"2023-05-05T14:13:02","modified_gmt":"2023-05-05T12:13:02","slug":"nog-2-dagen-te-gaan-voor-het-taste-of-paris-festival","status":"publish","type":"post","link":"https:\/\/www.champmarket.com\/nl\/actualiteit-en-nieuwigheden\/nog-2-dagen-te-gaan-voor-het-taste-of-paris-festival\/","title":{"rendered":"Nog 2 dagen te gaan voor het Taste of Paris festival!"},"content":{"rendered":"\t\t<div data-elementor-type=\"wp-post\" data-elementor-id=\"52634\" class=\"elementor elementor-52634 elementor-9446\" data-elementor-post-type=\"post\">\n\t\t\t\t\t\t<section class=\"elementor-section elementor-top-section elementor-element elementor-element-a8274f5 elementor-section-boxed elementor-section-height-default elementor-section-height-default\" data-id=\"a8274f5\" data-element_type=\"section\">\n\t\t\t\t\t\t<div class=\"elementor-container elementor-column-gap-default\">\n\t\t\t\t\t<div class=\"elementor-column elementor-col-100 elementor-top-column elementor-element elementor-element-1b71b495\" data-id=\"1b71b495\" data-element_type=\"column\">\n\t\t\t<div class=\"elementor-widget-wrap elementor-element-populated\">\n\t\t\t\t\t\t<div class=\"elementor-element elementor-element-1a75ebdd elementor-widget elementor-widget-text-editor\" data-id=\"1a75ebdd\" data-element_type=\"widget\" data-widget_type=\"text-editor.default\">\n\t\t\t\t<div class=\"elementor-widget-container\">\n\t\t\t\t\t\t\t\t\t<p style=\"text-align: center;\"><span style=\"text-align: start;\">Taste of Paris in de Grand Palais Op het menu, een <\/span><span style=\"font-weight: bolder; text-align: start;\">nieuwe cast van prestigieuze chefs<\/span><span style=\"text-align: start;\"> die de fijnproevers zullen trakteren op kortstondige <\/span><span style=\"font-weight: bolder; text-align: start;\">kortstondige restaurants<\/span><span style=\"text-align: start;\">maar ook<\/span><span style=\"font-weight: bolder; text-align: start;\"> workshops, demonstraties<\/span><span style=\"text-align: start;\"> en een <\/span><span style=\"font-weight: bolder; text-align: start;\">producentenmarkt<\/span><span style=\"text-align: start;\">.<\/span><\/p>\n<p style=\"text-align: center;\">Van 9 tot 12 mei wachten de chefs u op voor 4 dagen van proeverijen, ontmoetingen en culinaire activiteiten in een feestelijke sfeer! Wie heeft er niet van gedroomd om <strong>Philippe Conticini<\/strong> te ontmoeten, een praatje te maken met <strong>Guillaume Gomez<\/strong>, <em>voorzitter van de chef-koks van de Franse Republiek<\/em>, een selfie te nemen met <strong>Christophe Michalak<\/strong>, of de vice-wereldkampioen pat\u00e9 en cro\u00fbte van <strong>Gilles en Nicolas V\u00e9rot<\/strong> te proeven?<\/p>\n\t\t\t\t\t\t\t\t<\/div>\n\t\t\t\t<\/div>\n\t\t\t\t\t<\/div>\n\t\t<\/div>\n\t\t\t\t\t<\/div>\n\t\t<\/section>\n\t\t\t\t<section class=\"elementor-section elementor-top-section elementor-element elementor-element-26004377 elementor-section-boxed elementor-section-height-default elementor-section-height-default\" data-id=\"26004377\" data-element_type=\"section\">\n\t\t\t\t\t\t<div class=\"elementor-container elementor-column-gap-default\">\n\t\t\t\t\t<div class=\"elementor-column elementor-col-50 elementor-top-column elementor-element elementor-element-7234c299\" data-id=\"7234c299\" data-element_type=\"column\">\n\t\t\t<div class=\"elementor-widget-wrap elementor-element-populated\">\n\t\t\t\t\t\t<div class=\"elementor-element elementor-element-1f9c3c61 elementor-widget elementor-widget-image\" data-id=\"1f9c3c61\" data-element_type=\"widget\" data-widget_type=\"image.default\">\n\t\t\t\t<div class=\"elementor-widget-container\">\n\t\t\t\t\t\t\t\t\t\t\t\t\t\t\t<img fetchpriority=\"high\" decoding=\"async\" width=\"265\" height=\"430\" src=\"https:\/\/www.champmarket.com\/wp-content\/uploads\/2019\/05\/unnamed-1.jpg\" class=\"attachment-large size-large wp-image-47907\" alt=\"\" srcset=\"https:\/\/www.champmarket.com\/wp-content\/uploads\/2019\/05\/unnamed-1.jpg 265w, https:\/\/www.champmarket.com\/wp-content\/uploads\/2019\/05\/unnamed-1-64x104.jpg 64w, https:\/\/www.champmarket.com\/wp-content\/uploads\/2019\/05\/unnamed-1-185x300.jpg 185w\" sizes=\"(max-width: 265px) 100vw, 265px\" \/>\t\t\t\t\t\t\t\t\t\t\t\t\t\t\t<\/div>\n\t\t\t\t<\/div>\n\t\t\t\t\t<\/div>\n\t\t<\/div>\n\t\t\t\t<div class=\"elementor-column elementor-col-50 elementor-top-column elementor-element elementor-element-bff047\" data-id=\"bff047\" data-element_type=\"column\">\n\t\t\t<div class=\"elementor-widget-wrap elementor-element-populated\">\n\t\t\t\t\t\t<div class=\"elementor-element elementor-element-6da923be elementor-widget elementor-widget-heading\" data-id=\"6da923be\" data-element_type=\"widget\" data-widget_type=\"heading.default\">\n\t\t\t\t<div class=\"elementor-widget-container\">\n\t\t\t\t\t<h3 class=\"elementor-heading-title elementor-size-default\">40 uitzonderlijke chefs<\/h3>\t\t\t\t<\/div>\n\t\t\t\t<\/div>\n\t\t\t\t<div class=\"elementor-element elementor-element-7a09e1f4 elementor-widget elementor-widget-text-editor\" data-id=\"7a09e1f4\" data-element_type=\"widget\" data-widget_type=\"text-editor.default\">\n\t\t\t\t<div class=\"elementor-widget-container\">\n\t\t\t\t\t\t\t\t\t<p style=\"text-align: left;\"><span style=\"font-size: 16px; text-align: start;\">Voor de 5e editie heeft Taste of Paris alles uit de kast gehaald met niet minder dan 40 chefs!<\/span><br style=\"font-size: 16px; text-align: start;\"><span style=\"font-size: 16px; text-align: start;\">Of ze nu sterren zijn, in de mode of jonge talenten van morgen, de meest vooraanstaande chefs van het moment wachten op u voor een onvergetelijke gastronomische ervaring: ontdek in hun efemere restaurant hun <\/span><span style=\"font-weight: bolder; font-size: 16px; text-align: start;\">kenmerkende gerechten<\/span><span style=\"font-size: 16px; text-align: start;\"> in de vorm van minipasta&#8217;s.<\/span><br style=\"font-size: 16px; text-align: start;\"><span style=\"font-size: 16px; text-align: start;\">Komt u in de verleiding om de dinguissime <\/span><em style=\"font-size: 16px; text-align: start;\">Galet van foie gras met gerookte mosterd<\/em><span style=\"font-size: 16px; text-align: start;\"> van <\/span><span style=\"font-weight: bolder;\">Christian Le Squer<\/span><span style=\"font-size: 16px; text-align: start;\">de beroemde <\/span><em style=\"font-size: 16px; text-align: start;\">Spaghettoni alla carbonara<\/em><span style=\"font-size: 16px; text-align: start;\"> van <\/span><span style=\"font-weight: bolder;\">Denny Imboisi<\/span><span style=\"font-size: 16px; text-align: start;\"> of de verrassende <\/span><em style=\"font-size: 16px; text-align: start;\">miniatuur Porsches 911 in chocolade<\/em><span style=\"font-size: 16px; text-align: start;\"> door <\/span><span style=\"font-weight: bolder;\">Simone Zanoni<\/span><span style=\"font-size: 16px; text-align: start;\"> ? Van <\/span><span style=\"font-weight: bolder;\">Thierry Marx <\/span><span style=\"font-size: 16px; text-align: start;\">tot<\/span> <span style=\"font-weight: bolder;\">Adeline Grattard<\/span><span style=\"font-size: 16px; text-align: start;\"> evenals <\/span><span style=\"font-weight: bolder; font-size: 16px; text-align: start;\">\u00c9ric Frechon, Fr\u00e9d\u00e9ric Anton, Jean-Edern Hurstel&#8230;<\/span><span style=\"font-size: 16px; text-align: start;\">, <\/span><span style=\"font-weight: bolder; font-size: 16px; text-align: start;\">Pierre Sang Boyer <\/span><span style=\"font-size: 16px; text-align: start;\">of de finalisten van Top Chef 2019, de chefs wachten op u voor culinaire ontmoetingen.<\/span><\/p>\n\t\t\t\t\t\t\t\t<\/div>\n\t\t\t\t<\/div>\n\t\t\t\t\t<\/div>\n\t\t<\/div>\n\t\t\t\t\t<\/div>\n\t\t<\/section>\n\t\t\t\t<section class=\"elementor-section elementor-top-section elementor-element elementor-element-5ac99644 elementor-section-boxed elementor-section-height-default elementor-section-height-default\" data-id=\"5ac99644\" data-element_type=\"section\">\n\t\t\t\t\t\t<div class=\"elementor-container elementor-column-gap-default\">\n\t\t\t\t\t<div class=\"elementor-column elementor-col-50 elementor-top-column elementor-element elementor-element-6fdf8247\" data-id=\"6fdf8247\" data-element_type=\"column\">\n\t\t\t<div class=\"elementor-widget-wrap elementor-element-populated\">\n\t\t\t\t\t\t<div class=\"elementor-element elementor-element-43eef810 elementor-widget elementor-widget-heading\" data-id=\"43eef810\" data-element_type=\"widget\" data-widget_type=\"heading.default\">\n\t\t\t\t<div class=\"elementor-widget-container\">\n\t\t\t\t\t<h3 class=\"elementor-heading-title elementor-size-default\">patisserie in de kijker<\/h3>\t\t\t\t<\/div>\n\t\t\t\t<\/div>\n\t\t\t\t<div class=\"elementor-element elementor-element-13de20f2 elementor-widget elementor-widget-text-editor\" data-id=\"13de20f2\" data-element_type=\"widget\" data-widget_type=\"text-editor.default\">\n\t\t\t\t<div class=\"elementor-widget-container\">\n\t\t\t\t\t\t\t\t\t<p><span style=\"font-size: 16px; text-align: start;\">Zoetekauwen kunnen hun hart ophalen met een zeer verleidelijk programma van patissiers! Onder de koningen van het gebak, <\/span><span style=\"font-weight: bolder; font-size: 16px; text-align: start;\">Philippe Conticini, Laurent Duch\u00eane, Vincent Guerlais, Jean-Paul H\u00e9vin, Pierre Herm\u00e9, Christophe Michalak<\/span><span style=\"font-size: 16px; text-align: start;\">, <\/span><span style=\"font-weight: bolder;\">Christophe Roussel<\/span><span style=\"font-size: 16px; text-align: start;\"> en vele anderen zullen u ontmoeten in het restaurant Ferrandi Paris, het restaurant Relais Desserts of de patisserie &#8220;Daily&#8221;. Welke brengt je naar de 7e hemel van het gebak?<\/span><\/p>\n\t\t\t\t\t\t\t\t<\/div>\n\t\t\t\t<\/div>\n\t\t\t\t\t<\/div>\n\t\t<\/div>\n\t\t\t\t<div class=\"elementor-column elementor-col-50 elementor-top-column elementor-element elementor-element-341c4f47\" data-id=\"341c4f47\" data-element_type=\"column\">\n\t\t\t<div class=\"elementor-widget-wrap elementor-element-populated\">\n\t\t\t\t\t\t<div class=\"elementor-element elementor-element-2a926c53 elementor-widget elementor-widget-image\" data-id=\"2a926c53\" data-element_type=\"widget\" data-widget_type=\"image.default\">\n\t\t\t\t<div class=\"elementor-widget-container\">\n\t\t\t\t\t\t\t\t\t\t\t\t\t\t\t<img decoding=\"async\" width=\"265\" height=\"295\" src=\"https:\/\/www.champmarket.com\/wp-content\/uploads\/2019\/05\/dessert.jpg\" class=\"attachment-large size-large wp-image-47903\" alt=\"\" srcset=\"https:\/\/www.champmarket.com\/wp-content\/uploads\/2019\/05\/dessert.jpg 265w, https:\/\/www.champmarket.com\/wp-content\/uploads\/2019\/05\/dessert-64x71.jpg 64w\" sizes=\"(max-width: 265px) 100vw, 265px\" \/>\t\t\t\t\t\t\t\t\t\t\t\t\t\t\t<\/div>\n\t\t\t\t<\/div>\n\t\t\t\t\t<\/div>\n\t\t<\/div>\n\t\t\t\t\t<\/div>\n\t\t<\/section>\n\t\t\t\t<section class=\"elementor-section elementor-top-section elementor-element elementor-element-8cdc3ad elementor-section-boxed elementor-section-height-default elementor-section-height-default\" data-id=\"8cdc3ad\" data-element_type=\"section\">\n\t\t\t\t\t\t<div class=\"elementor-container elementor-column-gap-default\">\n\t\t\t\t\t<div class=\"elementor-column elementor-col-33 elementor-top-column elementor-element elementor-element-16ac35d\" data-id=\"16ac35d\" data-element_type=\"column\">\n\t\t\t<div class=\"elementor-widget-wrap elementor-element-populated\">\n\t\t\t\t\t\t<div class=\"elementor-element elementor-element-9466df3 elementor-widget elementor-widget-image\" data-id=\"9466df3\" data-element_type=\"widget\" data-widget_type=\"image.default\">\n\t\t\t\t<div class=\"elementor-widget-container\">\n\t\t\t\t\t\t\t\t\t\t\t\t\t\t\t\t<a href=\"https:\/\/www.champmarket.com\/nl\/maisons\/selectie-champagne-laurent-perrier\/\" target=\"_blank\">\n\t\t\t\t\t\t\t<img decoding=\"async\" width=\"640\" height=\"427\" src=\"https:\/\/www.champmarket.com\/wp-content\/uploads\/2021\/09\/WestonMillsLaurentPerrierTaste-077-1024x683.jpg\" class=\"attachment-large size-large wp-image-48507\" alt=\"\" srcset=\"https:\/\/www.champmarket.com\/wp-content\/uploads\/2021\/09\/WestonMillsLaurentPerrierTaste-077-1024x683.jpg 1024w, https:\/\/www.champmarket.com\/wp-content\/uploads\/2021\/09\/WestonMillsLaurentPerrierTaste-077-scaled-600x400.webp 600w, https:\/\/www.champmarket.com\/wp-content\/uploads\/2021\/09\/WestonMillsLaurentPerrierTaste-077-scaled-700x467.jpg 700w, https:\/\/www.champmarket.com\/wp-content\/uploads\/2021\/09\/WestonMillsLaurentPerrierTaste-077-scaled-64x43.webp 64w, https:\/\/www.champmarket.com\/wp-content\/uploads\/2021\/09\/WestonMillsLaurentPerrierTaste-077-300x200.jpg 300w, https:\/\/www.champmarket.com\/wp-content\/uploads\/2021\/09\/WestonMillsLaurentPerrierTaste-077-768x512.jpg 768w, https:\/\/www.champmarket.com\/wp-content\/uploads\/2021\/09\/WestonMillsLaurentPerrierTaste-077-1536x1024.jpg 1536w, https:\/\/www.champmarket.com\/wp-content\/uploads\/2021\/09\/WestonMillsLaurentPerrierTaste-077-2048x1365.jpg 2048w, https:\/\/www.champmarket.com\/wp-content\/uploads\/2021\/09\/WestonMillsLaurentPerrierTaste-077-scaled.webp 1920w\" sizes=\"(max-width: 640px) 100vw, 640px\" \/>\t\t\t\t\t\t\t\t<\/a>\n\t\t\t\t\t\t\t\t\t\t\t\t\t\t\t<\/div>\n\t\t\t\t<\/div>\n\t\t\t\t\t<\/div>\n\t\t<\/div>\n\t\t\t\t<div class=\"elementor-column elementor-col-66 elementor-top-column elementor-element elementor-element-d1938c9\" data-id=\"d1938c9\" data-element_type=\"column\">\n\t\t\t<div class=\"elementor-widget-wrap elementor-element-populated\">\n\t\t\t\t\t\t<div class=\"elementor-element elementor-element-bc10df6 elementor-widget elementor-widget-heading\" data-id=\"bc10df6\" data-element_type=\"widget\" data-widget_type=\"heading.default\">\n\t\t\t\t<div class=\"elementor-widget-container\">\n\t\t\t\t\t<h3 class=\"elementor-heading-title elementor-size-default\">laurent-perrier champagnes doen de smaak van parijs schitteren <\/h3>\t\t\t\t<\/div>\n\t\t\t\t<\/div>\n\t\t\t\t<div class=\"elementor-element elementor-element-5b8da02 elementor-widget elementor-widget-text-editor\" data-id=\"5b8da02\" data-element_type=\"widget\" data-widget_type=\"text-editor.default\">\n\t\t\t\t<div class=\"elementor-widget-container\">\n\t\t\t\t\t\t\t\t\t<p>Zodra u de Grand Palais binnenkomt, zult u het genoegen hebben de emblematische <span style=\"font-weight: bolder;\">Laurent-Perrier bar<\/span> waar het Huis u verwelkomt voor <span style=\"font-weight: bolder;\">akkoorden tussen eten en wijn<\/span> van uitzondering terwijl het <span style=\"font-weight: bolder;\"><span style=\"text-decoration: underline;\"><a href=\"https:\/\/www.champmarket.com\/nl\/maisons\/selectie-champagne-laurent-perrier\/\" target=\"_blank\" rel=\"noopener\">Laurent-Perrier<\/a><\/span> Theater<\/span> op u wacht om culinaire demonstraties van topkoks bij te wonen en hun creaties te proeven terwijl u met hen praat.<\/p><p style=\"text-align: center;\"><strong>Om uw tickets te reserveren<\/strong>: <a href=\"https:\/\/paris.tastefestivals.com\/en\/book-tickets\/\"><span style=\"font-weight: bolder;\"><span style=\"text-decoration-line: underline;\">klik hier<\/span><\/span><\/a><\/p>\t\t\t\t\t\t\t\t<\/div>\n\t\t\t\t<\/div>\n\t\t\t\t\t<\/div>\n\t\t<\/div>\n\t\t\t\t\t<\/div>\n\t\t<\/section>\n\t\t\t\t<section class=\"elementor-section elementor-top-section elementor-element elementor-element-7a608c41 elementor-section-boxed elementor-section-height-default elementor-section-height-default\" data-id=\"7a608c41\" data-element_type=\"section\">\n\t\t\t\t\t\t<div class=\"elementor-container elementor-column-gap-default\">\n\t\t\t\t\t<div class=\"elementor-column elementor-col-100 elementor-top-column elementor-element elementor-element-7f32022c\" data-id=\"7f32022c\" data-element_type=\"column\">\n\t\t\t<div class=\"elementor-widget-wrap elementor-element-populated\">\n\t\t\t\t\t\t<div class=\"elementor-element elementor-element-2127bb3a elementor-widget elementor-widget-text-editor\" data-id=\"2127bb3a\" data-element_type=\"widget\" data-widget_type=\"text-editor.default\">\n\t\t\t\t<div class=\"elementor-widget-container\">\n\t\t\t\t\t\t\t\t\t<p><a href=\"https:\/\/www.champmarket.com\/nl\/maisons\/selectie-champagne-laurent-perrier\/\" target=\"_blank\" rel=\"noopener\"><strong>&gt; Vind het assortiment Champagne Laurent-Perrier op Champmarket<\/strong><\/a><\/p>\t\t\t\t\t\t\t\t<\/div>\n\t\t\t\t<\/div>\n\t\t\t\t\t<\/div>\n\t\t<\/div>\n\t\t\t\t\t<\/div>\n\t\t<\/section>\n\t\t\t\t<\/div>\n\t\t","protected":false},"excerpt":{"rendered":"<p>Taste of Paris in de Grand Palais Op het menu, een nieuwe cast van prestigieuze chefs die de fijnproevers zullen trakteren op kortstondige kortstondige restaurantsmaar ook workshops, demonstraties en een producentenmarkt. Van 9 tot 12 mei wachten de chefs u op voor 4 dagen van proeverijen, ontmoetingen en culinaire activiteiten in een feestelijke sfeer! Wie [&hellip;]<\/p>\n","protected":false},"author":2,"featured_media":47908,"comment_status":"closed","ping_status":"closed","sticky":false,"template":"","format":"standard","meta":{"_acf_changed":false,"footnotes":""},"categories":[2806],"tags":[2870,2871,2922,2957,3032],"class_list":["post-52634","post","type-post","status-publish","format-standard","has-post-thumbnail","hentry","category-actualiteit-en-nieuwigheden","tag-banketbakker","tag-chef-kok","tag-gastronomie-nl","tag-laurent-perrier-nl","tag-taste-of-paris-nl"],"acf":[],"yoast_head":"<!-- This site is optimized with the Yoast SEO plugin v26.4 - https:\/\/yoast.com\/wordpress\/plugins\/seo\/ -->\n<title>Nog 2 dagen te gaan voor het Taste of Paris festival! - Champagne en Levenskunst - Champmarket<\/title>\n<meta name=\"description\" content=\"Deze week begint de 5e editie van het festival Taste of Paris in de Grand Palais. Prestigieuze chefs zullen u verrukken in hun kortstondige restaurants.\" \/>\n<meta name=\"robots\" content=\"index, follow, max-snippet:-1, max-image-preview:large, max-video-preview:-1\" \/>\n<link rel=\"canonical\" href=\"https:\/\/www.champmarket.com\/nl\/actualiteit-en-nieuwigheden\/nog-2-dagen-te-gaan-voor-het-taste-of-paris-festival\/\" \/>\n<meta property=\"og:locale\" content=\"nl_NL\" \/>\n<meta property=\"og:type\" content=\"article\" \/>\n<meta property=\"og:title\" content=\"Nog 2 dagen te gaan voor het Taste of Paris festival! - Champagne en Levenskunst - Champmarket\" \/>\n<meta property=\"og:description\" content=\"Deze week begint de 5e editie van het festival Taste of Paris in de Grand Palais. Prestigieuze chefs zullen u verrukken in hun kortstondige restaurants.\" \/>\n<meta property=\"og:url\" content=\"https:\/\/www.champmarket.com\/nl\/actualiteit-en-nieuwigheden\/nog-2-dagen-te-gaan-voor-het-taste-of-paris-festival\/\" \/>\n<meta property=\"og:site_name\" content=\"Champmarket\" \/>\n<meta property=\"article:publisher\" content=\"https:\/\/www.facebook.com\/ChampMarket\/\" \/>\n<meta property=\"article:published_time\" content=\"2019-05-07T12:07:14+00:00\" \/>\n<meta property=\"article:modified_time\" content=\"2023-05-05T12:13:02+00:00\" \/>\n<meta property=\"og:image\" content=\"https:\/\/www.champmarket.com\/wp-content\/uploads\/2019\/05\/visuel-article-magazine-taste-of-paris-2019.jpg\" \/>\n\t<meta property=\"og:image:width\" content=\"888\" \/>\n\t<meta property=\"og:image:height\" content=\"492\" \/>\n\t<meta property=\"og:image:type\" content=\"image\/jpeg\" \/>\n<meta name=\"author\" content=\"Marine Molin\" \/>\n<meta name=\"twitter:card\" content=\"summary_large_image\" \/>\n<meta name=\"twitter:creator\" content=\"@champmarket\" \/>\n<meta name=\"twitter:site\" content=\"@champmarket\" \/>\n<meta name=\"twitter:label1\" content=\"Geschreven door\" \/>\n\t<meta name=\"twitter:data1\" content=\"Marine Molin\" \/>\n\t<meta name=\"twitter:label2\" content=\"Geschatte leestijd\" \/>\n\t<meta name=\"twitter:data2\" content=\"3 minuten\" \/>\n<script type=\"application\/ld+json\" class=\"yoast-schema-graph\">{\"@context\":\"https:\/\/schema.org\",\"@graph\":[{\"@type\":\"Article\",\"@id\":\"https:\/\/www.champmarket.com\/nl\/actualiteit-en-nieuwigheden\/nog-2-dagen-te-gaan-voor-het-taste-of-paris-festival\/#article\",\"isPartOf\":{\"@id\":\"https:\/\/www.champmarket.com\/nl\/actualiteit-en-nieuwigheden\/nog-2-dagen-te-gaan-voor-het-taste-of-paris-festival\/\"},\"author\":{\"name\":\"Marine Molin\",\"@id\":\"https:\/\/www.champmarket.com\/#\/schema\/person\/978de2fc1d304836a9b224d70e03b974\"},\"headline\":\"Nog 2 dagen te gaan voor het Taste of Paris festival!\",\"datePublished\":\"2019-05-07T12:07:14+00:00\",\"dateModified\":\"2023-05-05T12:13:02+00:00\",\"mainEntityOfPage\":{\"@id\":\"https:\/\/www.champmarket.com\/nl\/actualiteit-en-nieuwigheden\/nog-2-dagen-te-gaan-voor-het-taste-of-paris-festival\/\"},\"wordCount\":382,\"publisher\":{\"@id\":\"https:\/\/www.champmarket.com\/#organization\"},\"image\":{\"@id\":\"https:\/\/www.champmarket.com\/nl\/actualiteit-en-nieuwigheden\/nog-2-dagen-te-gaan-voor-het-taste-of-paris-festival\/#primaryimage\"},\"thumbnailUrl\":\"https:\/\/www.champmarket.com\/wp-content\/uploads\/2019\/05\/visuel-article-magazine-taste-of-paris-2019.jpg\",\"keywords\":[\"Banketbakker\",\"Chef-kok\",\"Gastronomie\",\"Laurent-Perrier\",\"Taste of Paris\"],\"articleSection\":[\"Actualiteit en Nieuwigheden\"],\"inLanguage\":\"nl-NL\"},{\"@type\":\"WebPage\",\"@id\":\"https:\/\/www.champmarket.com\/nl\/actualiteit-en-nieuwigheden\/nog-2-dagen-te-gaan-voor-het-taste-of-paris-festival\/\",\"url\":\"https:\/\/www.champmarket.com\/nl\/actualiteit-en-nieuwigheden\/nog-2-dagen-te-gaan-voor-het-taste-of-paris-festival\/\",\"name\":\"Nog 2 dagen te gaan voor het Taste of Paris festival! - Champagne en Levenskunst - Champmarket\",\"isPartOf\":{\"@id\":\"https:\/\/www.champmarket.com\/#website\"},\"primaryImageOfPage\":{\"@id\":\"https:\/\/www.champmarket.com\/nl\/actualiteit-en-nieuwigheden\/nog-2-dagen-te-gaan-voor-het-taste-of-paris-festival\/#primaryimage\"},\"image\":{\"@id\":\"https:\/\/www.champmarket.com\/nl\/actualiteit-en-nieuwigheden\/nog-2-dagen-te-gaan-voor-het-taste-of-paris-festival\/#primaryimage\"},\"thumbnailUrl\":\"https:\/\/www.champmarket.com\/wp-content\/uploads\/2019\/05\/visuel-article-magazine-taste-of-paris-2019.jpg\",\"datePublished\":\"2019-05-07T12:07:14+00:00\",\"dateModified\":\"2023-05-05T12:13:02+00:00\",\"description\":\"Deze week begint de 5e editie van het festival Taste of Paris in de Grand Palais. Prestigieuze chefs zullen u verrukken in hun kortstondige restaurants.\",\"breadcrumb\":{\"@id\":\"https:\/\/www.champmarket.com\/nl\/actualiteit-en-nieuwigheden\/nog-2-dagen-te-gaan-voor-het-taste-of-paris-festival\/#breadcrumb\"},\"inLanguage\":\"nl-NL\",\"potentialAction\":[{\"@type\":\"ReadAction\",\"target\":[\"https:\/\/www.champmarket.com\/nl\/actualiteit-en-nieuwigheden\/nog-2-dagen-te-gaan-voor-het-taste-of-paris-festival\/\"]}]},{\"@type\":\"ImageObject\",\"inLanguage\":\"nl-NL\",\"@id\":\"https:\/\/www.champmarket.com\/nl\/actualiteit-en-nieuwigheden\/nog-2-dagen-te-gaan-voor-het-taste-of-paris-festival\/#primaryimage\",\"url\":\"https:\/\/www.champmarket.com\/wp-content\/uploads\/2019\/05\/visuel-article-magazine-taste-of-paris-2019.jpg\",\"contentUrl\":\"https:\/\/www.champmarket.com\/wp-content\/uploads\/2019\/05\/visuel-article-magazine-taste-of-paris-2019.jpg\",\"width\":888,\"height\":492},{\"@type\":\"BreadcrumbList\",\"@id\":\"https:\/\/www.champmarket.com\/nl\/actualiteit-en-nieuwigheden\/nog-2-dagen-te-gaan-voor-het-taste-of-paris-festival\/#breadcrumb\",\"itemListElement\":[{\"@type\":\"ListItem\",\"position\":1,\"name\":\"Accueil\",\"item\":\"https:\/\/www.champmarket.com\/nl\/\"},{\"@type\":\"ListItem\",\"position\":2,\"name\":\"Nog 2 dagen te gaan voor het Taste of Paris festival!\"}]},{\"@type\":\"WebSite\",\"@id\":\"https:\/\/www.champmarket.com\/#website\",\"url\":\"https:\/\/www.champmarket.com\/\",\"name\":\"Champmarket\",\"description\":\"Champmarket, Champagnes, Cadeaus en Levenskunst\",\"publisher\":{\"@id\":\"https:\/\/www.champmarket.com\/#organization\"},\"potentialAction\":[{\"@type\":\"SearchAction\",\"target\":{\"@type\":\"EntryPoint\",\"urlTemplate\":\"https:\/\/www.champmarket.com\/?s={search_term_string}\"},\"query-input\":{\"@type\":\"PropertyValueSpecification\",\"valueRequired\":true,\"valueName\":\"search_term_string\"}}],\"inLanguage\":\"nl-NL\"},{\"@type\":\"Organization\",\"@id\":\"https:\/\/www.champmarket.com\/#organization\",\"name\":\"Champmarket\",\"url\":\"https:\/\/www.champmarket.com\/\",\"logo\":{\"@type\":\"ImageObject\",\"inLanguage\":\"nl-NL\",\"@id\":\"https:\/\/www.champmarket.com\/#\/schema\/logo\/image\/\",\"url\":\"https:\/\/www.champmarket.com\/wp-content\/uploads\/2024\/08\/logo2024-1.svg\",\"contentUrl\":\"https:\/\/www.champmarket.com\/wp-content\/uploads\/2024\/08\/logo2024-1.svg\",\"width\":579.8,\"height\":80,\"caption\":\"Champmarket\"},\"image\":{\"@id\":\"https:\/\/www.champmarket.com\/#\/schema\/logo\/image\/\"},\"sameAs\":[\"https:\/\/www.facebook.com\/ChampMarket\/\",\"https:\/\/x.com\/champmarket\",\"https:\/\/www.instagram.com\/champmarket.paris\/\",\"https:\/\/www.pinterest.fr\/champmarketparis\/\",\"https:\/\/www.linkedin.com\/company\/champmarket\/\"]},{\"@type\":\"Person\",\"@id\":\"https:\/\/www.champmarket.com\/#\/schema\/person\/978de2fc1d304836a9b224d70e03b974\",\"name\":\"Marine Molin\",\"url\":\"https:\/\/www.champmarket.com\/nl\/author\/marine\/\"}]}<\/script>\n<!-- \/ Yoast SEO plugin. -->","yoast_head_json":{"title":"Nog 2 dagen te gaan voor het Taste of Paris festival! - Champagne en Levenskunst - Champmarket","description":"Deze week begint de 5e editie van het festival Taste of Paris in de Grand Palais. Prestigieuze chefs zullen u verrukken in hun kortstondige restaurants.","robots":{"index":"index","follow":"follow","max-snippet":"max-snippet:-1","max-image-preview":"max-image-preview:large","max-video-preview":"max-video-preview:-1"},"canonical":"https:\/\/www.champmarket.com\/nl\/actualiteit-en-nieuwigheden\/nog-2-dagen-te-gaan-voor-het-taste-of-paris-festival\/","og_locale":"nl_NL","og_type":"article","og_title":"Nog 2 dagen te gaan voor het Taste of Paris festival! - Champagne en Levenskunst - Champmarket","og_description":"Deze week begint de 5e editie van het festival Taste of Paris in de Grand Palais. Prestigieuze chefs zullen u verrukken in hun kortstondige restaurants.","og_url":"https:\/\/www.champmarket.com\/nl\/actualiteit-en-nieuwigheden\/nog-2-dagen-te-gaan-voor-het-taste-of-paris-festival\/","og_site_name":"Champmarket","article_publisher":"https:\/\/www.facebook.com\/ChampMarket\/","article_published_time":"2019-05-07T12:07:14+00:00","article_modified_time":"2023-05-05T12:13:02+00:00","og_image":[{"width":888,"height":492,"url":"https:\/\/www.champmarket.com\/wp-content\/uploads\/2019\/05\/visuel-article-magazine-taste-of-paris-2019.jpg","type":"image\/jpeg"}],"author":"Marine Molin","twitter_card":"summary_large_image","twitter_creator":"@champmarket","twitter_site":"@champmarket","twitter_misc":{"Geschreven door":"Marine Molin","Geschatte leestijd":"3 minuten"},"schema":{"@context":"https:\/\/schema.org","@graph":[{"@type":"Article","@id":"https:\/\/www.champmarket.com\/nl\/actualiteit-en-nieuwigheden\/nog-2-dagen-te-gaan-voor-het-taste-of-paris-festival\/#article","isPartOf":{"@id":"https:\/\/www.champmarket.com\/nl\/actualiteit-en-nieuwigheden\/nog-2-dagen-te-gaan-voor-het-taste-of-paris-festival\/"},"author":{"name":"Marine Molin","@id":"https:\/\/www.champmarket.com\/#\/schema\/person\/978de2fc1d304836a9b224d70e03b974"},"headline":"Nog 2 dagen te gaan voor het Taste of Paris festival!","datePublished":"2019-05-07T12:07:14+00:00","dateModified":"2023-05-05T12:13:02+00:00","mainEntityOfPage":{"@id":"https:\/\/www.champmarket.com\/nl\/actualiteit-en-nieuwigheden\/nog-2-dagen-te-gaan-voor-het-taste-of-paris-festival\/"},"wordCount":382,"publisher":{"@id":"https:\/\/www.champmarket.com\/#organization"},"image":{"@id":"https:\/\/www.champmarket.com\/nl\/actualiteit-en-nieuwigheden\/nog-2-dagen-te-gaan-voor-het-taste-of-paris-festival\/#primaryimage"},"thumbnailUrl":"https:\/\/www.champmarket.com\/wp-content\/uploads\/2019\/05\/visuel-article-magazine-taste-of-paris-2019.jpg","keywords":["Banketbakker","Chef-kok","Gastronomie","Laurent-Perrier","Taste of Paris"],"articleSection":["Actualiteit en Nieuwigheden"],"inLanguage":"nl-NL"},{"@type":"WebPage","@id":"https:\/\/www.champmarket.com\/nl\/actualiteit-en-nieuwigheden\/nog-2-dagen-te-gaan-voor-het-taste-of-paris-festival\/","url":"https:\/\/www.champmarket.com\/nl\/actualiteit-en-nieuwigheden\/nog-2-dagen-te-gaan-voor-het-taste-of-paris-festival\/","name":"Nog 2 dagen te gaan voor het Taste of Paris festival! - Champagne en Levenskunst - Champmarket","isPartOf":{"@id":"https:\/\/www.champmarket.com\/#website"},"primaryImageOfPage":{"@id":"https:\/\/www.champmarket.com\/nl\/actualiteit-en-nieuwigheden\/nog-2-dagen-te-gaan-voor-het-taste-of-paris-festival\/#primaryimage"},"image":{"@id":"https:\/\/www.champmarket.com\/nl\/actualiteit-en-nieuwigheden\/nog-2-dagen-te-gaan-voor-het-taste-of-paris-festival\/#primaryimage"},"thumbnailUrl":"https:\/\/www.champmarket.com\/wp-content\/uploads\/2019\/05\/visuel-article-magazine-taste-of-paris-2019.jpg","datePublished":"2019-05-07T12:07:14+00:00","dateModified":"2023-05-05T12:13:02+00:00","description":"Deze week begint de 5e editie van het festival Taste of Paris in de Grand Palais. Prestigieuze chefs zullen u verrukken in hun kortstondige restaurants.","breadcrumb":{"@id":"https:\/\/www.champmarket.com\/nl\/actualiteit-en-nieuwigheden\/nog-2-dagen-te-gaan-voor-het-taste-of-paris-festival\/#breadcrumb"},"inLanguage":"nl-NL","potentialAction":[{"@type":"ReadAction","target":["https:\/\/www.champmarket.com\/nl\/actualiteit-en-nieuwigheden\/nog-2-dagen-te-gaan-voor-het-taste-of-paris-festival\/"]}]},{"@type":"ImageObject","inLanguage":"nl-NL","@id":"https:\/\/www.champmarket.com\/nl\/actualiteit-en-nieuwigheden\/nog-2-dagen-te-gaan-voor-het-taste-of-paris-festival\/#primaryimage","url":"https:\/\/www.champmarket.com\/wp-content\/uploads\/2019\/05\/visuel-article-magazine-taste-of-paris-2019.jpg","contentUrl":"https:\/\/www.champmarket.com\/wp-content\/uploads\/2019\/05\/visuel-article-magazine-taste-of-paris-2019.jpg","width":888,"height":492},{"@type":"BreadcrumbList","@id":"https:\/\/www.champmarket.com\/nl\/actualiteit-en-nieuwigheden\/nog-2-dagen-te-gaan-voor-het-taste-of-paris-festival\/#breadcrumb","itemListElement":[{"@type":"ListItem","position":1,"name":"Accueil","item":"https:\/\/www.champmarket.com\/nl\/"},{"@type":"ListItem","position":2,"name":"Nog 2 dagen te gaan voor het Taste of Paris festival!"}]},{"@type":"WebSite","@id":"https:\/\/www.champmarket.com\/#website","url":"https:\/\/www.champmarket.com\/","name":"Champmarket","description":"Champmarket, Champagnes, Cadeaus en Levenskunst","publisher":{"@id":"https:\/\/www.champmarket.com\/#organization"},"potentialAction":[{"@type":"SearchAction","target":{"@type":"EntryPoint","urlTemplate":"https:\/\/www.champmarket.com\/?s={search_term_string}"},"query-input":{"@type":"PropertyValueSpecification","valueRequired":true,"valueName":"search_term_string"}}],"inLanguage":"nl-NL"},{"@type":"Organization","@id":"https:\/\/www.champmarket.com\/#organization","name":"Champmarket","url":"https:\/\/www.champmarket.com\/","logo":{"@type":"ImageObject","inLanguage":"nl-NL","@id":"https:\/\/www.champmarket.com\/#\/schema\/logo\/image\/","url":"https:\/\/www.champmarket.com\/wp-content\/uploads\/2024\/08\/logo2024-1.svg","contentUrl":"https:\/\/www.champmarket.com\/wp-content\/uploads\/2024\/08\/logo2024-1.svg","width":579.8,"height":80,"caption":"Champmarket"},"image":{"@id":"https:\/\/www.champmarket.com\/#\/schema\/logo\/image\/"},"sameAs":["https:\/\/www.facebook.com\/ChampMarket\/","https:\/\/x.com\/champmarket","https:\/\/www.instagram.com\/champmarket.paris\/","https:\/\/www.pinterest.fr\/champmarketparis\/","https:\/\/www.linkedin.com\/company\/champmarket\/"]},{"@type":"Person","@id":"https:\/\/www.champmarket.com\/#\/schema\/person\/978de2fc1d304836a9b224d70e03b974","name":"Marine Molin","url":"https:\/\/www.champmarket.com\/nl\/author\/marine\/"}]}},"_links":{"self":[{"href":"https:\/\/www.champmarket.com\/nl\/wp-json\/wp\/v2\/posts\/52634","targetHints":{"allow":["GET"]}}],"collection":[{"href":"https:\/\/www.champmarket.com\/nl\/wp-json\/wp\/v2\/posts"}],"about":[{"href":"https:\/\/www.champmarket.com\/nl\/wp-json\/wp\/v2\/types\/post"}],"author":[{"embeddable":true,"href":"https:\/\/www.champmarket.com\/nl\/wp-json\/wp\/v2\/users\/2"}],"replies":[{"embeddable":true,"href":"https:\/\/www.champmarket.com\/nl\/wp-json\/wp\/v2\/comments?post=52634"}],"version-history":[{"count":15,"href":"https:\/\/www.champmarket.com\/nl\/wp-json\/wp\/v2\/posts\/52634\/revisions"}],"predecessor-version":[{"id":52649,"href":"https:\/\/www.champmarket.com\/nl\/wp-json\/wp\/v2\/posts\/52634\/revisions\/52649"}],"wp:featuredmedia":[{"embeddable":true,"href":"https:\/\/www.champmarket.com\/nl\/wp-json\/wp\/v2\/media\/47908"}],"wp:attachment":[{"href":"https:\/\/www.champmarket.com\/nl\/wp-json\/wp\/v2\/media?parent=52634"}],"wp:term":[{"taxonomy":"category","embeddable":true,"href":"https:\/\/www.champmarket.com\/nl\/wp-json\/wp\/v2\/categories?post=52634"},{"taxonomy":"post_tag","embeddable":true,"href":"https:\/\/www.champmarket.com\/nl\/wp-json\/wp\/v2\/tags?post=52634"}],"curies":[{"name":"wp","href":"https:\/\/api.w.org\/{rel}","templated":true}]}}