{"id":74580,"date":"2024-09-22T10:44:33","date_gmt":"2024-09-22T08:44:33","guid":{"rendered":"https:\/\/www.champmarket.com\/ongeclassificeerd\/vrijdag-25-oktober-viert-epernay-de-dag-van-de-champagne-2024\/"},"modified":"2024-10-10T15:39:20","modified_gmt":"2024-10-10T13:39:20","slug":"vrijdag-25-oktober-viert-epernay-de-dag-van-de-champagne-2024","status":"publish","type":"post","link":"https:\/\/www.champmarket.com\/nl\/actualiteit-en-nieuwigheden\/vrijdag-25-oktober-viert-epernay-de-dag-van-de-champagne-2024\/","title":{"rendered":"Vrijdag 25 oktober viert \u00c9pernay de Dag van de Champagne 2024"},"content":{"rendered":"\t\t<div data-elementor-type=\"wp-post\" data-elementor-id=\"74580\" class=\"elementor elementor-74580 elementor-73517\" data-elementor-post-type=\"post\">\n\t\t\t\t\t\t<section class=\"elementor-section elementor-top-section elementor-element elementor-element-6382f9e2 elementor-section-boxed elementor-section-height-default elementor-section-height-default\" data-id=\"6382f9e2\" data-element_type=\"section\">\n\t\t\t\t\t\t<div class=\"elementor-container elementor-column-gap-default\">\n\t\t\t\t\t<div class=\"elementor-column elementor-col-100 elementor-top-column elementor-element elementor-element-18b98e2e\" data-id=\"18b98e2e\" data-element_type=\"column\">\n\t\t\t<div class=\"elementor-widget-wrap elementor-element-populated\">\n\t\t\t\t\t\t<div class=\"elementor-element elementor-element-786e9589 elementor-widget elementor-widget-text-editor\" data-id=\"786e9589\" data-element_type=\"widget\" data-widget_type=\"text-editor.default\">\n\t\t\t\t<div class=\"elementor-widget-container\">\n\t\t\t\t\t\t\t\t\t<p>Op vrijdag 25 oktober nodigt de stad \u00c9pernay je uit om de Dag van de Champagne 2024 te vieren met een avond vol Champagnewijnen en gastronomie.<\/p>\n\t\t\t\t\t\t\t\t<\/div>\n\t\t\t\t<\/div>\n\t\t\t\t\t<\/div>\n\t\t<\/div>\n\t\t\t\t\t<\/div>\n\t\t<\/section>\n\t\t\t\t<section class=\"elementor-section elementor-top-section elementor-element elementor-element-202a22a6 elementor-section-boxed elementor-section-height-default elementor-section-height-default\" data-id=\"202a22a6\" data-element_type=\"section\">\n\t\t\t\t\t\t<div class=\"elementor-container elementor-column-gap-default\">\n\t\t\t\t\t<div class=\"elementor-column elementor-col-100 elementor-top-column elementor-element elementor-element-56f77f99\" data-id=\"56f77f99\" data-element_type=\"column\">\n\t\t\t<div class=\"elementor-widget-wrap elementor-element-populated\">\n\t\t\t\t\t\t<div class=\"elementor-element elementor-element-6cfc1b72 elementor-widget elementor-widget-text-editor\" data-id=\"6cfc1b72\" data-element_type=\"widget\" data-widget_type=\"text-editor.default\">\n\t\t\t\t<div class=\"elementor-widget-container\">\n\t\t\t\t\t\t\t\t\t<p>Al meer dan 10 jaar wordt elke laatste vrijdag van oktober wereldwijd de wijn van de koningen gevierd op Champagnedag. Om deze gelegenheid te vieren, worden champagneliefhebbers uitgenodigd om een foto van zichzelf op sociale netwerken te posten, met een fluit in de hand, met de hashtag <em>#ChampagneDay<\/em>. <\/p>\n<p><strong>Kom op vrijdag 25 oktober vanaf 18.30 uur naar de salons van het stadhuis van \u00c9pernay voor een avond vol ontdekkingen.<\/strong><\/p>\n<p>Na een welkomstglas champagne verwelkomen <strong>chef-koks Philippe Mille, Meilleur Ouvrier de France<\/strong> en chef-eigenaar van<a href=\"https:\/\/www.arbane-philippe-mille.com\/\" target=\"_blank\" rel=\"noopener\">Arbane<\/a> en M Receptions, <strong>en S\u00e9bastien Morellon, chef-kok van de <a href=\"https:\/\/www.perrier-jouet.com\/fr-fr\/nous-rendre-visite\/la-maison\" target=\"_blank\" rel=\"noopener\">Belle Epoque Society<\/a> in Maison Perrier-Jou\u00ebt<\/strong>, u voor een masterclass, medegeorganiseerd door Nicolas Rieffel, Gastronomisch Animator en Agitateur, die in 2010 deelnam aan Masterchef.<\/p>\n<p>Tijdens deze avond vol ontdekkingen krijg je de kans om gastronomische hapjes te proeven die bereid zijn door de chefs, vergezeld van 8 partner champagnes, waaronder de volgende cuv\u00e9es:<\/p>\n<ul>\n<li><a href=\"https:\/\/www.champmarket.com\/nl\/maisons\/selectie-champagne-perrier-jouet\/\">Brut Champagne Perrier-Jou\u00ebt Belle Epoque 2015<\/a><\/li>\n<li>Champagne de Sousa cuv\u00e9e R\u00e9serve in magnum, 100% Chardonnay Grand Cru de la C\u00f4te des Blancs<\/li>\n<li><a href=\"https:\/\/www.champmarket.com\/nl\/champagne\/drappier-vintage-exception-2012-magnum-naakte-fles\/\">Champagne Drappier Vintage Exception 2012<\/a><\/li>\n<li>Champagne Mailly Grand Cru Blanc de Pinot Noir<\/li>\n<\/ul>\n\t\t\t\t\t\t\t\t<\/div>\n\t\t\t\t<\/div>\n\t\t\t\t\t<\/div>\n\t\t<\/div>\n\t\t\t\t\t<\/div>\n\t\t<\/section>\n\t\t\t\t<section class=\"elementor-section elementor-top-section elementor-element elementor-element-1ef6826f elementor-section-boxed elementor-section-height-default elementor-section-height-default\" data-id=\"1ef6826f\" data-element_type=\"section\">\n\t\t\t\t\t\t<div class=\"elementor-container elementor-column-gap-default\">\n\t\t\t\t\t<div class=\"elementor-column elementor-col-100 elementor-top-column elementor-element elementor-element-51a321f\" data-id=\"51a321f\" data-element_type=\"column\">\n\t\t\t<div class=\"elementor-widget-wrap elementor-element-populated\">\n\t\t\t\t\t\t<div class=\"elementor-element elementor-element-75557f4 elementor-widget elementor-widget-heading\" data-id=\"75557f4\" data-element_type=\"widget\" data-widget_type=\"heading.default\">\n\t\t\t\t<div class=\"elementor-widget-container\">\n\t\t\t\t\t<h3 class=\"elementor-heading-title elementor-size-default\">BOEKEN :<\/h3>\t\t\t\t<\/div>\n\t\t\t\t<\/div>\n\t\t\t\t<div class=\"elementor-element elementor-element-47ed27da elementor-widget elementor-widget-text-editor\" data-id=\"47ed27da\" data-element_type=\"widget\" data-widget_type=\"text-editor.default\">\n\t\t\t\t<div class=\"elementor-widget-container\">\n\t\t\t\t\t\t\t\t\t<p><strong>Het aantal plaatsen is beperkt, dus wacht niet! <a href=\"https:\/\/www.epernay-tourisme.com\/produit\/champagne-day-masterclass-a-l-hotel-de-ville-d-epernay\/\" target=\"_blank\" rel=\"noopener\"><span style=\"text-decoration: underline;\">reserveer je tickets op de website van het Office du Tourisme van \u00c9pernay<\/span><\/a><\/strong><\/p>\n\t\t\t\t\t\t\t\t<\/div>\n\t\t\t\t<\/div>\n\t\t\t\t<div class=\"elementor-element elementor-element-99f9b7c elementor-widget elementor-widget-heading\" data-id=\"99f9b7c\" data-element_type=\"widget\" data-widget_type=\"heading.default\">\n\t\t\t\t<div class=\"elementor-widget-container\">\n\t\t\t\t\t<h3 class=\"elementor-heading-title elementor-size-default\">Praktische informatie:<\/h3>\t\t\t\t<\/div>\n\t\t\t\t<\/div>\n\t\t\t\t<div class=\"elementor-element elementor-element-6946c65 elementor-widget elementor-widget-text-editor\" data-id=\"6946c65\" data-element_type=\"widget\" data-widget_type=\"text-editor.default\">\n\t\t\t\t<div class=\"elementor-widget-container\">\n\t\t\t\t\t\t\t\t\t<p>Adres: H\u00f4tel de Ville, 7 bis Avenue de Champagne, 51200 \u00c9pernay. Ingang en receptie via de poort aan de Avenue de Champagne. <\/p>\n<p>Parkeren: Betaald parkeren in de straten of parkeergarages van \u00c9pernay<\/p>\n\t\t\t\t\t\t\t\t<\/div>\n\t\t\t\t<\/div>\n\t\t\t\t\t<\/div>\n\t\t<\/div>\n\t\t\t\t\t<\/div>\n\t\t<\/section>\n\t\t\t\t<section class=\"elementor-section elementor-top-section elementor-element elementor-element-73996a6b elementor-section-boxed elementor-section-height-default elementor-section-height-default\" data-id=\"73996a6b\" data-element_type=\"section\">\n\t\t\t\t\t\t<div class=\"elementor-container elementor-column-gap-default\">\n\t\t\t\t\t<div class=\"elementor-column elementor-col-50 elementor-top-column elementor-element elementor-element-3cb88b15\" data-id=\"3cb88b15\" data-element_type=\"column\">\n\t\t\t<div class=\"elementor-widget-wrap elementor-element-populated\">\n\t\t\t\t\t\t<div class=\"elementor-element elementor-element-18898728 elementor-widget elementor-widget-image\" data-id=\"18898728\" data-element_type=\"widget\" data-widget_type=\"image.default\">\n\t\t\t\t<div class=\"elementor-widget-container\">\n\t\t\t\t\t\t\t\t\t\t\t\t\t\t\t\t<a href=\"\/champagne\/veuve-clicquot-la-grande-dame-rose-2015-edition-limitee-paola-paronetto-bouteille-coffret\/\">\n\t\t\t\t\t\t\t<img fetchpriority=\"high\" decoding=\"async\" width=\"1200\" height=\"1200\" src=\"https:\/\/www.champmarket.com\/wp-content\/uploads\/2024\/09\/article-champagne-day-epernay-chef-philippe-mille.webp\" class=\"attachment-full size-full wp-image-73619\" alt=\"\u00c9pernay c\u00e9l\u00e8bre le Champagne Day avec Philippe Mille - Magazine Champmarket\" srcset=\"https:\/\/www.champmarket.com\/wp-content\/uploads\/2024\/09\/article-champagne-day-epernay-chef-philippe-mille.webp 1200w, https:\/\/www.champmarket.com\/wp-content\/uploads\/2024\/09\/article-champagne-day-epernay-chef-philippe-mille-500x500.webp 500w, https:\/\/www.champmarket.com\/wp-content\/uploads\/2024\/09\/article-champagne-day-epernay-chef-philippe-mille-600x600.webp 600w, https:\/\/www.champmarket.com\/wp-content\/uploads\/2024\/09\/article-champagne-day-epernay-chef-philippe-mille-700x700.webp 700w, https:\/\/www.champmarket.com\/wp-content\/uploads\/2024\/09\/article-champagne-day-epernay-chef-philippe-mille-64x64.webp 64w, https:\/\/www.champmarket.com\/wp-content\/uploads\/2024\/09\/article-champagne-day-epernay-chef-philippe-mille-300x300.webp 300w, https:\/\/www.champmarket.com\/wp-content\/uploads\/2024\/09\/article-champagne-day-epernay-chef-philippe-mille-1024x1024.webp 1024w, https:\/\/www.champmarket.com\/wp-content\/uploads\/2024\/09\/article-champagne-day-epernay-chef-philippe-mille-150x150.webp 150w, https:\/\/www.champmarket.com\/wp-content\/uploads\/2024\/09\/article-champagne-day-epernay-chef-philippe-mille-768x768.webp 768w\" sizes=\"(max-width: 1200px) 100vw, 1200px\" \/>\t\t\t\t\t\t\t\t<\/a>\n\t\t\t\t\t\t\t\t\t\t\t\t\t\t\t<\/div>\n\t\t\t\t<\/div>\n\t\t\t\t\t<\/div>\n\t\t<\/div>\n\t\t\t\t<div class=\"elementor-column elementor-col-50 elementor-top-column elementor-element elementor-element-5e7b5a4a\" data-id=\"5e7b5a4a\" data-element_type=\"column\">\n\t\t\t<div class=\"elementor-widget-wrap elementor-element-populated\">\n\t\t\t\t\t\t<div class=\"elementor-element elementor-element-7a5136f3 elementor-widget elementor-widget-image\" data-id=\"7a5136f3\" data-element_type=\"widget\" data-widget_type=\"image.default\">\n\t\t\t\t<div class=\"elementor-widget-container\">\n\t\t\t\t\t\t\t\t\t\t\t\t\t\t\t\t<a href=\"\/champagne\/veuve-clicquot-la-grande-dame-brut-2015-edition-limitee-paola-paraneto-bouteille-coffret\/\">\n\t\t\t\t\t\t\t<img decoding=\"async\" width=\"1200\" height=\"1200\" src=\"https:\/\/www.champmarket.com\/wp-content\/uploads\/2024\/09\/article-champagne-day-epernay-bouchee-philippe-mille.webp\" class=\"attachment-full size-full wp-image-73615\" alt=\"\u00c9pernay c\u00e9l\u00e8bre le Champagne Day - Magazine Champmarket\" srcset=\"https:\/\/www.champmarket.com\/wp-content\/uploads\/2024\/09\/article-champagne-day-epernay-bouchee-philippe-mille.webp 1200w, https:\/\/www.champmarket.com\/wp-content\/uploads\/2024\/09\/article-champagne-day-epernay-bouchee-philippe-mille-500x500.webp 500w, https:\/\/www.champmarket.com\/wp-content\/uploads\/2024\/09\/article-champagne-day-epernay-bouchee-philippe-mille-600x600.webp 600w, https:\/\/www.champmarket.com\/wp-content\/uploads\/2024\/09\/article-champagne-day-epernay-bouchee-philippe-mille-700x700.webp 700w, https:\/\/www.champmarket.com\/wp-content\/uploads\/2024\/09\/article-champagne-day-epernay-bouchee-philippe-mille-64x64.webp 64w, https:\/\/www.champmarket.com\/wp-content\/uploads\/2024\/09\/article-champagne-day-epernay-bouchee-philippe-mille-300x300.webp 300w, https:\/\/www.champmarket.com\/wp-content\/uploads\/2024\/09\/article-champagne-day-epernay-bouchee-philippe-mille-1024x1024.webp 1024w, https:\/\/www.champmarket.com\/wp-content\/uploads\/2024\/09\/article-champagne-day-epernay-bouchee-philippe-mille-150x150.webp 150w, https:\/\/www.champmarket.com\/wp-content\/uploads\/2024\/09\/article-champagne-day-epernay-bouchee-philippe-mille-768x768.webp 768w\" sizes=\"(max-width: 1200px) 100vw, 1200px\" \/>\t\t\t\t\t\t\t\t<\/a>\n\t\t\t\t\t\t\t\t\t\t\t\t\t\t\t<\/div>\n\t\t\t\t<\/div>\n\t\t\t\t\t<\/div>\n\t\t<\/div>\n\t\t\t\t\t<\/div>\n\t\t<\/section>\n\t\t\t\t<section class=\"elementor-section elementor-top-section elementor-element elementor-element-2e132537 elementor-section-boxed elementor-section-height-default elementor-section-height-default\" data-id=\"2e132537\" data-element_type=\"section\">\n\t\t\t\t\t\t<div class=\"elementor-container elementor-column-gap-default\">\n\t\t\t\t\t<div class=\"elementor-column elementor-col-100 elementor-top-column elementor-element elementor-element-62fea26\" data-id=\"62fea26\" data-element_type=\"column\">\n\t\t\t<div class=\"elementor-widget-wrap elementor-element-populated\">\n\t\t\t\t\t\t<div class=\"elementor-element elementor-element-ea77471 elementor-widget elementor-widget-text-editor\" data-id=\"ea77471\" data-element_type=\"widget\" data-widget_type=\"text-editor.default\">\n\t\t\t\t<div class=\"elementor-widget-container\">\n\t\t\t\t\t\t\t\t\t<p><em>Bron: <a href=\"https:\/\/www.epernay-tourisme.com\/produit\/champagne-day-masterclass-a-l-hotel-de-ville-d-epernay\/\" target=\"_blank\" rel=\"noopener\">\u00c9pernay Toeristenbureau<\/a><\/em><\/p>\n\t\t\t\t\t\t\t\t<\/div>\n\t\t\t\t<\/div>\n\t\t\t\t\t<\/div>\n\t\t<\/div>\n\t\t\t\t\t<\/div>\n\t\t<\/section>\n\t\t\t\t<\/div>\n\t\t","protected":false},"excerpt":{"rendered":"<p>Op vrijdag 25 oktober viert \u00c9pernay de Dag van de Champagne met een avond vol Champagnewijnen en gastronomie.<\/p>\n","protected":false},"author":2,"featured_media":73629,"comment_status":"closed","ping_status":"closed","sticky":false,"template":"","format":"standard","meta":{"_acf_changed":false,"footnotes":""},"categories":[2806],"tags":[2910,2922,3014,3053],"class_list":["post-74580","post","type-post","status-publish","format-standard","has-post-thumbnail","hentry","category-actualiteit-en-nieuwigheden","tag-experience-nl","tag-gastronomie-nl","tag-roadtrip-nl","tag-veuve-clicquot-nl"],"acf":[],"yoast_head":"<!-- This site is optimized with the Yoast SEO plugin v26.4 - https:\/\/yoast.com\/wordpress\/plugins\/seo\/ -->\n<title>Vrijdag 25 oktober viert \u00c9pernay de Dag van de Champagne 2024 - tijdschrift Champagne - Champmarket<\/title>\n<meta name=\"description\" content=\"Op vrijdag 25 oktober viert \u00c9pernay de Dag van de Champagne 2024 met een avond vol Champagnewijnen en gastronomie.\" \/>\n<meta name=\"robots\" content=\"index, follow, max-snippet:-1, max-image-preview:large, max-video-preview:-1\" \/>\n<link rel=\"canonical\" href=\"https:\/\/www.champmarket.com\/nl\/actualiteit-en-nieuwigheden\/vrijdag-25-oktober-viert-epernay-de-dag-van-de-champagne-2024\/\" \/>\n<meta property=\"og:locale\" content=\"nl_NL\" \/>\n<meta property=\"og:type\" content=\"article\" \/>\n<meta property=\"og:title\" content=\"Vrijdag 25 oktober viert \u00c9pernay de Dag van de Champagne 2024 - tijdschrift Champagne - Champmarket\" \/>\n<meta property=\"og:description\" content=\"Op vrijdag 25 oktober viert \u00c9pernay de Dag van de Champagne 2024 met een avond vol Champagnewijnen en gastronomie.\" \/>\n<meta property=\"og:url\" content=\"https:\/\/www.champmarket.com\/nl\/actualiteit-en-nieuwigheden\/vrijdag-25-oktober-viert-epernay-de-dag-van-de-champagne-2024\/\" \/>\n<meta property=\"og:site_name\" content=\"Champmarket\" \/>\n<meta property=\"article:publisher\" content=\"https:\/\/www.facebook.com\/ChampMarket\/\" \/>\n<meta property=\"article:published_time\" content=\"2024-09-22T08:44:33+00:00\" \/>\n<meta property=\"article:modified_time\" content=\"2024-10-10T13:39:20+00:00\" \/>\n<meta property=\"og:image\" content=\"https:\/\/www.champmarket.com\/wp-content\/uploads\/2024\/09\/visuel-header-article-magazine-champagne-day-epernay.webp\" \/>\n\t<meta property=\"og:image:width\" content=\"888\" \/>\n\t<meta property=\"og:image:height\" content=\"492\" \/>\n\t<meta property=\"og:image:type\" content=\"image\/webp\" \/>\n<meta name=\"author\" content=\"Marine Molin\" \/>\n<meta name=\"twitter:card\" content=\"summary_large_image\" \/>\n<meta name=\"twitter:creator\" content=\"@champmarket\" \/>\n<meta name=\"twitter:site\" content=\"@champmarket\" \/>\n<meta name=\"twitter:label1\" content=\"Geschreven door\" \/>\n\t<meta name=\"twitter:data1\" content=\"Marine Molin\" \/>\n\t<meta name=\"twitter:label2\" content=\"Geschatte leestijd\" \/>\n\t<meta name=\"twitter:data2\" content=\"1 minuut\" \/>\n<script type=\"application\/ld+json\" class=\"yoast-schema-graph\">{\"@context\":\"https:\/\/schema.org\",\"@graph\":[{\"@type\":\"Article\",\"@id\":\"https:\/\/www.champmarket.com\/nl\/actualiteit-en-nieuwigheden\/vrijdag-25-oktober-viert-epernay-de-dag-van-de-champagne-2024\/#article\",\"isPartOf\":{\"@id\":\"https:\/\/www.champmarket.com\/nl\/actualiteit-en-nieuwigheden\/vrijdag-25-oktober-viert-epernay-de-dag-van-de-champagne-2024\/\"},\"author\":{\"name\":\"Marine Molin\",\"@id\":\"https:\/\/www.champmarket.com\/#\/schema\/person\/978de2fc1d304836a9b224d70e03b974\"},\"headline\":\"Vrijdag 25 oktober viert \u00c9pernay de Dag van de Champagne 2024\",\"datePublished\":\"2024-09-22T08:44:33+00:00\",\"dateModified\":\"2024-10-10T13:39:20+00:00\",\"mainEntityOfPage\":{\"@id\":\"https:\/\/www.champmarket.com\/nl\/actualiteit-en-nieuwigheden\/vrijdag-25-oktober-viert-epernay-de-dag-van-de-champagne-2024\/\"},\"wordCount\":271,\"publisher\":{\"@id\":\"https:\/\/www.champmarket.com\/#organization\"},\"image\":{\"@id\":\"https:\/\/www.champmarket.com\/nl\/actualiteit-en-nieuwigheden\/vrijdag-25-oktober-viert-epernay-de-dag-van-de-champagne-2024\/#primaryimage\"},\"thumbnailUrl\":\"https:\/\/www.champmarket.com\/wp-content\/uploads\/2024\/09\/visuel-header-article-magazine-champagne-day-epernay.webp\",\"keywords\":[\"Ervaring\",\"Gastronomie\",\"Roadtrip\",\"Veuve Clicquot\"],\"articleSection\":[\"Actualiteit en Nieuwigheden\"],\"inLanguage\":\"nl-NL\"},{\"@type\":\"WebPage\",\"@id\":\"https:\/\/www.champmarket.com\/nl\/actualiteit-en-nieuwigheden\/vrijdag-25-oktober-viert-epernay-de-dag-van-de-champagne-2024\/\",\"url\":\"https:\/\/www.champmarket.com\/nl\/actualiteit-en-nieuwigheden\/vrijdag-25-oktober-viert-epernay-de-dag-van-de-champagne-2024\/\",\"name\":\"Vrijdag 25 oktober viert \u00c9pernay de Dag van de Champagne 2024 - tijdschrift Champagne - Champmarket\",\"isPartOf\":{\"@id\":\"https:\/\/www.champmarket.com\/#website\"},\"primaryImageOfPage\":{\"@id\":\"https:\/\/www.champmarket.com\/nl\/actualiteit-en-nieuwigheden\/vrijdag-25-oktober-viert-epernay-de-dag-van-de-champagne-2024\/#primaryimage\"},\"image\":{\"@id\":\"https:\/\/www.champmarket.com\/nl\/actualiteit-en-nieuwigheden\/vrijdag-25-oktober-viert-epernay-de-dag-van-de-champagne-2024\/#primaryimage\"},\"thumbnailUrl\":\"https:\/\/www.champmarket.com\/wp-content\/uploads\/2024\/09\/visuel-header-article-magazine-champagne-day-epernay.webp\",\"datePublished\":\"2024-09-22T08:44:33+00:00\",\"dateModified\":\"2024-10-10T13:39:20+00:00\",\"description\":\"Op vrijdag 25 oktober viert \u00c9pernay de Dag van de Champagne 2024 met een avond vol Champagnewijnen en gastronomie.\",\"breadcrumb\":{\"@id\":\"https:\/\/www.champmarket.com\/nl\/actualiteit-en-nieuwigheden\/vrijdag-25-oktober-viert-epernay-de-dag-van-de-champagne-2024\/#breadcrumb\"},\"inLanguage\":\"nl-NL\",\"potentialAction\":[{\"@type\":\"ReadAction\",\"target\":[\"https:\/\/www.champmarket.com\/nl\/actualiteit-en-nieuwigheden\/vrijdag-25-oktober-viert-epernay-de-dag-van-de-champagne-2024\/\"]}]},{\"@type\":\"ImageObject\",\"inLanguage\":\"nl-NL\",\"@id\":\"https:\/\/www.champmarket.com\/nl\/actualiteit-en-nieuwigheden\/vrijdag-25-oktober-viert-epernay-de-dag-van-de-champagne-2024\/#primaryimage\",\"url\":\"https:\/\/www.champmarket.com\/wp-content\/uploads\/2024\/09\/visuel-header-article-magazine-champagne-day-epernay.webp\",\"contentUrl\":\"https:\/\/www.champmarket.com\/wp-content\/uploads\/2024\/09\/visuel-header-article-magazine-champagne-day-epernay.webp\",\"width\":888,\"height\":492,\"caption\":\"Champagne Day \u00e0 \u00c9pernay - Magazine Champmarket\"},{\"@type\":\"BreadcrumbList\",\"@id\":\"https:\/\/www.champmarket.com\/nl\/actualiteit-en-nieuwigheden\/vrijdag-25-oktober-viert-epernay-de-dag-van-de-champagne-2024\/#breadcrumb\",\"itemListElement\":[{\"@type\":\"ListItem\",\"position\":1,\"name\":\"Accueil\",\"item\":\"https:\/\/www.champmarket.com\/nl\/\"},{\"@type\":\"ListItem\",\"position\":2,\"name\":\"Vrijdag 25 oktober viert \u00c9pernay de Dag van de Champagne 2024\"}]},{\"@type\":\"WebSite\",\"@id\":\"https:\/\/www.champmarket.com\/#website\",\"url\":\"https:\/\/www.champmarket.com\/\",\"name\":\"Champmarket\",\"description\":\"Champmarket, Champagnes, Cadeaus en Levenskunst\",\"publisher\":{\"@id\":\"https:\/\/www.champmarket.com\/#organization\"},\"potentialAction\":[{\"@type\":\"SearchAction\",\"target\":{\"@type\":\"EntryPoint\",\"urlTemplate\":\"https:\/\/www.champmarket.com\/?s={search_term_string}\"},\"query-input\":{\"@type\":\"PropertyValueSpecification\",\"valueRequired\":true,\"valueName\":\"search_term_string\"}}],\"inLanguage\":\"nl-NL\"},{\"@type\":\"Organization\",\"@id\":\"https:\/\/www.champmarket.com\/#organization\",\"name\":\"Champmarket\",\"url\":\"https:\/\/www.champmarket.com\/\",\"logo\":{\"@type\":\"ImageObject\",\"inLanguage\":\"nl-NL\",\"@id\":\"https:\/\/www.champmarket.com\/#\/schema\/logo\/image\/\",\"url\":\"https:\/\/www.champmarket.com\/wp-content\/uploads\/2024\/08\/logo2024-1.svg\",\"contentUrl\":\"https:\/\/www.champmarket.com\/wp-content\/uploads\/2024\/08\/logo2024-1.svg\",\"width\":579.8,\"height\":80,\"caption\":\"Champmarket\"},\"image\":{\"@id\":\"https:\/\/www.champmarket.com\/#\/schema\/logo\/image\/\"},\"sameAs\":[\"https:\/\/www.facebook.com\/ChampMarket\/\",\"https:\/\/x.com\/champmarket\",\"https:\/\/www.instagram.com\/champmarket.paris\/\",\"https:\/\/www.pinterest.fr\/champmarketparis\/\",\"https:\/\/www.linkedin.com\/company\/champmarket\/\"]},{\"@type\":\"Person\",\"@id\":\"https:\/\/www.champmarket.com\/#\/schema\/person\/978de2fc1d304836a9b224d70e03b974\",\"name\":\"Marine Molin\",\"url\":\"https:\/\/www.champmarket.com\/nl\/author\/marine\/\"}]}<\/script>\n<!-- \/ Yoast SEO plugin. -->","yoast_head_json":{"title":"Vrijdag 25 oktober viert \u00c9pernay de Dag van de Champagne 2024 - tijdschrift Champagne - Champmarket","description":"Op vrijdag 25 oktober viert \u00c9pernay de Dag van de Champagne 2024 met een avond vol Champagnewijnen en gastronomie.","robots":{"index":"index","follow":"follow","max-snippet":"max-snippet:-1","max-image-preview":"max-image-preview:large","max-video-preview":"max-video-preview:-1"},"canonical":"https:\/\/www.champmarket.com\/nl\/actualiteit-en-nieuwigheden\/vrijdag-25-oktober-viert-epernay-de-dag-van-de-champagne-2024\/","og_locale":"nl_NL","og_type":"article","og_title":"Vrijdag 25 oktober viert \u00c9pernay de Dag van de Champagne 2024 - tijdschrift Champagne - Champmarket","og_description":"Op vrijdag 25 oktober viert \u00c9pernay de Dag van de Champagne 2024 met een avond vol Champagnewijnen en gastronomie.","og_url":"https:\/\/www.champmarket.com\/nl\/actualiteit-en-nieuwigheden\/vrijdag-25-oktober-viert-epernay-de-dag-van-de-champagne-2024\/","og_site_name":"Champmarket","article_publisher":"https:\/\/www.facebook.com\/ChampMarket\/","article_published_time":"2024-09-22T08:44:33+00:00","article_modified_time":"2024-10-10T13:39:20+00:00","og_image":[{"width":888,"height":492,"url":"https:\/\/www.champmarket.com\/wp-content\/uploads\/2024\/09\/visuel-header-article-magazine-champagne-day-epernay.webp","type":"image\/webp"}],"author":"Marine Molin","twitter_card":"summary_large_image","twitter_creator":"@champmarket","twitter_site":"@champmarket","twitter_misc":{"Geschreven door":"Marine Molin","Geschatte leestijd":"1 minuut"},"schema":{"@context":"https:\/\/schema.org","@graph":[{"@type":"Article","@id":"https:\/\/www.champmarket.com\/nl\/actualiteit-en-nieuwigheden\/vrijdag-25-oktober-viert-epernay-de-dag-van-de-champagne-2024\/#article","isPartOf":{"@id":"https:\/\/www.champmarket.com\/nl\/actualiteit-en-nieuwigheden\/vrijdag-25-oktober-viert-epernay-de-dag-van-de-champagne-2024\/"},"author":{"name":"Marine Molin","@id":"https:\/\/www.champmarket.com\/#\/schema\/person\/978de2fc1d304836a9b224d70e03b974"},"headline":"Vrijdag 25 oktober viert \u00c9pernay de Dag van de Champagne 2024","datePublished":"2024-09-22T08:44:33+00:00","dateModified":"2024-10-10T13:39:20+00:00","mainEntityOfPage":{"@id":"https:\/\/www.champmarket.com\/nl\/actualiteit-en-nieuwigheden\/vrijdag-25-oktober-viert-epernay-de-dag-van-de-champagne-2024\/"},"wordCount":271,"publisher":{"@id":"https:\/\/www.champmarket.com\/#organization"},"image":{"@id":"https:\/\/www.champmarket.com\/nl\/actualiteit-en-nieuwigheden\/vrijdag-25-oktober-viert-epernay-de-dag-van-de-champagne-2024\/#primaryimage"},"thumbnailUrl":"https:\/\/www.champmarket.com\/wp-content\/uploads\/2024\/09\/visuel-header-article-magazine-champagne-day-epernay.webp","keywords":["Ervaring","Gastronomie","Roadtrip","Veuve Clicquot"],"articleSection":["Actualiteit en Nieuwigheden"],"inLanguage":"nl-NL"},{"@type":"WebPage","@id":"https:\/\/www.champmarket.com\/nl\/actualiteit-en-nieuwigheden\/vrijdag-25-oktober-viert-epernay-de-dag-van-de-champagne-2024\/","url":"https:\/\/www.champmarket.com\/nl\/actualiteit-en-nieuwigheden\/vrijdag-25-oktober-viert-epernay-de-dag-van-de-champagne-2024\/","name":"Vrijdag 25 oktober viert \u00c9pernay de Dag van de Champagne 2024 - tijdschrift Champagne - Champmarket","isPartOf":{"@id":"https:\/\/www.champmarket.com\/#website"},"primaryImageOfPage":{"@id":"https:\/\/www.champmarket.com\/nl\/actualiteit-en-nieuwigheden\/vrijdag-25-oktober-viert-epernay-de-dag-van-de-champagne-2024\/#primaryimage"},"image":{"@id":"https:\/\/www.champmarket.com\/nl\/actualiteit-en-nieuwigheden\/vrijdag-25-oktober-viert-epernay-de-dag-van-de-champagne-2024\/#primaryimage"},"thumbnailUrl":"https:\/\/www.champmarket.com\/wp-content\/uploads\/2024\/09\/visuel-header-article-magazine-champagne-day-epernay.webp","datePublished":"2024-09-22T08:44:33+00:00","dateModified":"2024-10-10T13:39:20+00:00","description":"Op vrijdag 25 oktober viert \u00c9pernay de Dag van de Champagne 2024 met een avond vol Champagnewijnen en gastronomie.","breadcrumb":{"@id":"https:\/\/www.champmarket.com\/nl\/actualiteit-en-nieuwigheden\/vrijdag-25-oktober-viert-epernay-de-dag-van-de-champagne-2024\/#breadcrumb"},"inLanguage":"nl-NL","potentialAction":[{"@type":"ReadAction","target":["https:\/\/www.champmarket.com\/nl\/actualiteit-en-nieuwigheden\/vrijdag-25-oktober-viert-epernay-de-dag-van-de-champagne-2024\/"]}]},{"@type":"ImageObject","inLanguage":"nl-NL","@id":"https:\/\/www.champmarket.com\/nl\/actualiteit-en-nieuwigheden\/vrijdag-25-oktober-viert-epernay-de-dag-van-de-champagne-2024\/#primaryimage","url":"https:\/\/www.champmarket.com\/wp-content\/uploads\/2024\/09\/visuel-header-article-magazine-champagne-day-epernay.webp","contentUrl":"https:\/\/www.champmarket.com\/wp-content\/uploads\/2024\/09\/visuel-header-article-magazine-champagne-day-epernay.webp","width":888,"height":492,"caption":"Champagne Day \u00e0 \u00c9pernay - Magazine Champmarket"},{"@type":"BreadcrumbList","@id":"https:\/\/www.champmarket.com\/nl\/actualiteit-en-nieuwigheden\/vrijdag-25-oktober-viert-epernay-de-dag-van-de-champagne-2024\/#breadcrumb","itemListElement":[{"@type":"ListItem","position":1,"name":"Accueil","item":"https:\/\/www.champmarket.com\/nl\/"},{"@type":"ListItem","position":2,"name":"Vrijdag 25 oktober viert \u00c9pernay de Dag van de Champagne 2024"}]},{"@type":"WebSite","@id":"https:\/\/www.champmarket.com\/#website","url":"https:\/\/www.champmarket.com\/","name":"Champmarket","description":"Champmarket, Champagnes, Cadeaus en Levenskunst","publisher":{"@id":"https:\/\/www.champmarket.com\/#organization"},"potentialAction":[{"@type":"SearchAction","target":{"@type":"EntryPoint","urlTemplate":"https:\/\/www.champmarket.com\/?s={search_term_string}"},"query-input":{"@type":"PropertyValueSpecification","valueRequired":true,"valueName":"search_term_string"}}],"inLanguage":"nl-NL"},{"@type":"Organization","@id":"https:\/\/www.champmarket.com\/#organization","name":"Champmarket","url":"https:\/\/www.champmarket.com\/","logo":{"@type":"ImageObject","inLanguage":"nl-NL","@id":"https:\/\/www.champmarket.com\/#\/schema\/logo\/image\/","url":"https:\/\/www.champmarket.com\/wp-content\/uploads\/2024\/08\/logo2024-1.svg","contentUrl":"https:\/\/www.champmarket.com\/wp-content\/uploads\/2024\/08\/logo2024-1.svg","width":579.8,"height":80,"caption":"Champmarket"},"image":{"@id":"https:\/\/www.champmarket.com\/#\/schema\/logo\/image\/"},"sameAs":["https:\/\/www.facebook.com\/ChampMarket\/","https:\/\/x.com\/champmarket","https:\/\/www.instagram.com\/champmarket.paris\/","https:\/\/www.pinterest.fr\/champmarketparis\/","https:\/\/www.linkedin.com\/company\/champmarket\/"]},{"@type":"Person","@id":"https:\/\/www.champmarket.com\/#\/schema\/person\/978de2fc1d304836a9b224d70e03b974","name":"Marine Molin","url":"https:\/\/www.champmarket.com\/nl\/author\/marine\/"}]}},"_links":{"self":[{"href":"https:\/\/www.champmarket.com\/nl\/wp-json\/wp\/v2\/posts\/74580","targetHints":{"allow":["GET"]}}],"collection":[{"href":"https:\/\/www.champmarket.com\/nl\/wp-json\/wp\/v2\/posts"}],"about":[{"href":"https:\/\/www.champmarket.com\/nl\/wp-json\/wp\/v2\/types\/post"}],"author":[{"embeddable":true,"href":"https:\/\/www.champmarket.com\/nl\/wp-json\/wp\/v2\/users\/2"}],"replies":[{"embeddable":true,"href":"https:\/\/www.champmarket.com\/nl\/wp-json\/wp\/v2\/comments?post=74580"}],"version-history":[{"count":1,"href":"https:\/\/www.champmarket.com\/nl\/wp-json\/wp\/v2\/posts\/74580\/revisions"}],"predecessor-version":[{"id":74581,"href":"https:\/\/www.champmarket.com\/nl\/wp-json\/wp\/v2\/posts\/74580\/revisions\/74581"}],"wp:featuredmedia":[{"embeddable":true,"href":"https:\/\/www.champmarket.com\/nl\/wp-json\/wp\/v2\/media\/73629"}],"wp:attachment":[{"href":"https:\/\/www.champmarket.com\/nl\/wp-json\/wp\/v2\/media?parent=74580"}],"wp:term":[{"taxonomy":"category","embeddable":true,"href":"https:\/\/www.champmarket.com\/nl\/wp-json\/wp\/v2\/categories?post=74580"},{"taxonomy":"post_tag","embeddable":true,"href":"https:\/\/www.champmarket.com\/nl\/wp-json\/wp\/v2\/tags?post=74580"}],"curies":[{"name":"wp","href":"https:\/\/api.w.org\/{rel}","templated":true}]}}